{"id":1054,"date":"2016-06-02T07:51:32","date_gmt":"2016-06-02T05:51:32","guid":{"rendered":"http:\/\/ftf.gdu.edu.az\/?p=1054"},"modified":"2016-06-02T08:07:15","modified_gmt":"2016-06-02T06:07:15","slug":"1-iyun-beyn%c9%99lxalq-usaq-gunu","status":"publish","type":"post","link":"http:\/\/ftf.gdu.edu.az\/?p=1054","title":{"rendered":"1 \u0130YUN \u2013 BEYN\u018fLXALQ U\u015eAQ G\u00dcN\u00dc"},"content":{"rendered":"<p style=\"text-align: right;\"><a href=\"http:\/\/ftf.gdu.edu.az\/?post_type=ml-slider&amp;p=1057\">[metaslider id=1057]<\/a><\/p>\n<p><strong>U\u015faqlar\u0131n Beyn\u0259lxalq M\u00fcdafi\u0259si G\u00fcn\u00fc<\/strong>\u00a0&#8211;\u00a0<a href=\"https:\/\/az.wikipedia.org\/wiki\/1_iyun\">1 iyun<\/a>\u00a01950-ci ild\u0259\u00a0<a href=\"https:\/\/az.wikipedia.org\/wiki\/BMT\">BMT<\/a>\u00a0Ba\u015f Assambleyas\u0131 t\u0259r\u0259find\u0259n qeyd olunmas\u0131 q\u0259rara al\u0131n\u0131b. H\u0259min g\u00fcn t\u0259\u015fkil olunan &#8220;Qad\u0131nlar\u0131n Beyn\u0259lxalq Konfrans\u0131&#8221;nda u\u015faq h\u00fcquqlar\u0131n\u0131n t\u0259min edilm\u0259si il\u0259 ba\u011fl\u0131 t\u0259klifl\u0259r s\u0259sl\u0259nib v\u0259 el\u0259 h\u0259min t\u0259dbird\u0259 d\u0259 1 iyun tarixini u\u015faqlar\u0131n beyn\u0259lxalq m\u00fcdafi\u0259sin\u0259 h\u0259sr etm\u0259k q\u0259rar\u0131 verilib. Bundan sonra iyunun 1-i \u00a0U\u015faqlar\u0131n Beyn\u0259lxalq M\u00fcdafi\u0259si G\u00fcn\u00fc kimi tarix\u0259 d\u00fc\u015f\u00fcb. D\u00fcnyan\u0131n \u0259ks\u0259r \u00f6lk\u0259l\u0259rind\u0259 oldu\u011fu kimi, bu g\u00fcn\u00a0<a href=\"https:\/\/az.wikipedia.org\/wiki\/Az%C9%99rbaycan\">Az\u0259rbaycanda<\/a>\u00a0da qeyd edilir.<\/p>\n<p>Bu bayramla yana\u015f\u0131 BMT -nin Ba\u015f Assambleyas\u0131 t\u0259r\u0259find\u0259n\u00a0<a href=\"https:\/\/az.wikipedia.org\/wiki\/20_noyabr\">20 noyabr<\/a>\u00a0tarixind\u0259\u00a0<strong><a href=\"https:\/\/az.wikipedia.org\/wiki\/%C3%9Cmumd%C3%BCnya_U%C5%9Faqlar_G%C3%BCn%C3%BC\">\u00dcmumd\u00fcnya U\u015faqlar G\u00fcn\u00fc<\/a><\/strong>\u00a0d\u0259 qeyd olunur. &#8220;\u00dcmumd\u00fcnya U\u015faqlar G\u00fcn\u00fc&#8221;\u00a0<a href=\"https:\/\/az.wikipedia.org\/wiki\/1954\">1954<\/a>-c\u00fc ild\u0259 BMT -nin Ba\u015f Assambleyas\u0131n\u0131n \u2116836 (IX) sayl\u0131 q\u0259tnam\u0259sind\u0259\u00a0<a href=\"https:\/\/az.wikipedia.org\/wiki\/1956\">1956<\/a>-c\u0131 ild\u0259n b\u00fct\u00fcn d\u00f6vl\u0259tl\u0259rd\u0259 u\u015faqlar\u0131n \u015f\u0259r\u0259fin\u0259 ke\u00e7irilm\u0259si t\u00f6vsiyy\u0259 olunan bayram kimi qeyd olunub.<\/p>\n<p><a href=\"https:\/\/az.wikipedia.org\/wiki\/Az%C9%99rbaycan_Respublikas%C4%B1\">Az\u0259rbaycan Respublikas\u0131n<\/a>\u0131n Prezidenti\u00a0<a href=\"https:\/\/az.wikipedia.org\/wiki\/%C4%B0lham_%C6%8Fliyev\">\u0130lham \u018fliyevin<\/a>\u00a0Az\u0259rbaycan Respublikas\u0131nda u\u015faqlara d\u00f6vl\u0259t qay\u011f\u0131s\u0131n\u0131n g\u00fccl\u0259ndirilm\u0259si, u\u015faq probleml\u0259rin\u0259 v\u0259t\u0259nda\u015f c\u0259miyy\u0259ti qurumlar\u0131n\u0131n diqq\u0259tinin art\u0131r\u0131lmas\u0131 v\u0259 \u00f6lk\u0259nin u\u015faqlarla ba\u011fl\u0131 demoqrafik perspektivl\u0259rinin m\u00fc\u0259yy\u0259nl\u0259\u015fdirilm\u0259si m\u0259qs\u0259di il\u0259 22 dekabr 2008-cil tarixli s\u0259r\u0259ncam imzalam\u0131\u015fd\u0131r. S\u0259r\u0259ncama g\u00f6r\u0259\u00a0<a href=\"https:\/\/az.wikipedia.org\/wiki\/2009\">2009<\/a>-cu il &#8220;U\u015faq ili&#8221; elan olunmu\u015fdur.<\/p>\n<p>&nbsp;<\/p>\n<p>&nbsp;<\/p>\n<p><strong>\u00a0<\/strong><\/p>\n","protected":false},"excerpt":{"rendered":"<p>[metaslider id=1057] U\u015faqlar\u0131n Beyn\u0259lxalq M\u00fcdafi\u0259si G\u00fcn\u00fc\u00a0&#8211;\u00a01 iyun\u00a01950-ci ild\u0259\u00a0BMT\u00a0Ba\u015f Assambleyas\u0131 t\u0259r\u0259find\u0259n qeyd olunmas\u0131 q\u0259rara al\u0131n\u0131b. H\u0259min g\u00fcn t\u0259\u015fkil olunan &#8220;Qad\u0131nlar\u0131n Beyn\u0259lxalq Konfrans\u0131&#8221;nda u\u015faq h\u00fcquqlar\u0131n\u0131n t\u0259min edilm\u0259si il\u0259 ba\u011fl\u0131 t\u0259klifl\u0259r s\u0259sl\u0259nib v\u0259 el\u0259 h\u0259min t\u0259dbird\u0259 d\u0259 1 iyun tarixini u\u015faqlar\u0131n beyn\u0259lxalq m\u00fcdafi\u0259sin\u0259 h\u0259sr etm\u0259k q\u0259rar\u0131 verilib. Bundan sonra iyunun 1-i \u00a0U\u015faqlar\u0131n Beyn\u0259lxalq M\u00fcdafi\u0259si G\u00fcn\u00fc kimi tarix\u0259 d\u00fc\u015f\u00fcb.<\/p>\n<p><a href=\"http:\/\/ftf.gdu.edu.az\/?p=1054\" class=\"more-link themebutton\">Daha \u0259trafl\u0131 <\/a><\/p>\n","protected":false},"author":3,"featured_media":0,"comment_status":"open","ping_status":"open","sticky":false,"template":"","format":"standard","meta":{"footnotes":""},"categories":[1,3],"tags":[],"class_list":["post-1054","post","type-post","status-publish","format-standard","hentry","category-sas","category-xbrlr"],"_links":{"self":[{"href":"http:\/\/ftf.gdu.edu.az\/index.php?rest_route=\/wp\/v2\/posts\/1054"}],"collection":[{"href":"http:\/\/ftf.gdu.edu.az\/index.php?rest_route=\/wp\/v2\/posts"}],"about":[{"href":"http:\/\/ftf.gdu.edu.az\/index.php?rest_route=\/wp\/v2\/types\/post"}],"author":[{"embeddable":true,"href":"http:\/\/ftf.gdu.edu.az\/index.php?rest_route=\/wp\/v2\/users\/3"}],"replies":[{"embeddable":true,"href":"http:\/\/ftf.gdu.edu.az\/index.php?rest_route=%2Fwp%2Fv2%2Fcomments&post=1054"}],"version-history":[{"count":3,"href":"http:\/\/ftf.gdu.edu.az\/index.php?rest_route=\/wp\/v2\/posts\/1054\/revisions"}],"predecessor-version":[{"id":1086,"href":"http:\/\/ftf.gdu.edu.az\/index.php?rest_route=\/wp\/v2\/posts\/1054\/revisions\/1086"}],"wp:attachment":[{"href":"http:\/\/ftf.gdu.edu.az\/index.php?rest_route=%2Fwp%2Fv2%2Fmedia&parent=1054"}],"wp:term":[{"taxonomy":"category","embeddable":true,"href":"http:\/\/ftf.gdu.edu.az\/index.php?rest_route=%2Fwp%2Fv2%2Fcategories&post=1054"},{"taxonomy":"post_tag","embeddable":true,"href":"http:\/\/ftf.gdu.edu.az\/index.php?rest_route=%2Fwp%2Fv2%2Ftags&post=1054"}],"curies":[{"name":"wp","href":"https:\/\/api.w.org\/{rel}","templated":true}]}}