{"id":1089,"date":"2016-06-14T10:12:20","date_gmt":"2016-06-14T08:12:20","guid":{"rendered":"http:\/\/ftf.gdu.edu.az\/?p=1089"},"modified":"2016-06-14T10:14:24","modified_gmt":"2016-06-14T08:14:24","slug":"15-iyun-qurtulus-gunu","status":"publish","type":"post","link":"http:\/\/ftf.gdu.edu.az\/?p=1089","title":{"rendered":"15   \u0130YUN   QURTULU\u015e   G\u00dcN\u00dc"},"content":{"rendered":"<p><a href=\"http:\/\/ftf.gdu.edu.az\/wp-content\/uploads\/2016\/06\/images2.jpg\"><img loading=\"lazy\" decoding=\"async\" class=\"alignnone size-full wp-image-1090\" src=\"http:\/\/ftf.gdu.edu.az\/wp-content\/uploads\/2016\/06\/images2.jpg\" alt=\"images\" width=\"285\" height=\"177\" \/><\/a><\/p>\n<p>1991-ci ilin oktyabr\u0131nda Az\u0259rbaycan m\u00fcst\u0259qillik \u0259ld\u0259 etdi. Lakin m\u00fcst\u0259qilliyin ilk ill\u0259ri siyasi hakimiyy\u0259t bo\u015flu\u011fu v\u0259 d\u00f6vl\u0259tin \u0259saslar\u0131n\u0131n, ordu v\u0259 d\u00f6vl\u0259t t\u0259hl\u00fck\u0259sizliyi orqanlar\u0131 da daxil olmaqla, d\u00f6vl\u0259tin b\u00fct\u00fcn t\u0259sisatlar\u0131n\u0131n bo\u015flu\u011fu il\u0259 \u0259lam\u0259tdar idi. Erm\u0259nistan\u0131n ilhaq\u00e7\u0131l\u0131q niyy\u0259ti g\u00fcd\u0259n t\u0259cav\u00fcz\u00fc respublikada v\u0259ziyy\u0259ti daha da g\u0259rginl\u0259\u015fdirirdi.<\/p>\n<p>V\u0259t\u0259nin bu a\u011f\u0131r d\u00f6vr\u00fcnd\u0259 Az\u0259rbaycan Kommunist Partiyas\u0131 M\u0259rk\u0259zi Komit\u0259sinin birinci katibi (<a href=\"https:\/\/az.wikipedia.org\/wiki\/1969\">1969<\/a>&#8211;<a href=\"https:\/\/az.wikipedia.org\/wiki\/1982\">1982<\/a>) olmu\u015f, daha sonra Sovet \u0130ttifaq\u0131 Kommunist Partiyas\u0131 M\u0259rk\u0259zi Komit\u0259si Siyasi B\u00fcrosunun \u00fczv\u00fc, SSR\u0130 Nazirl\u0259r Soveti s\u0259drinin birinci m\u00fcavini v\u0259zif\u0259l\u0259rind\u0259 \u00e7al\u0131\u015fm\u0131\u015f, Moskvada istefa verdikd\u0259n sonra\u00a0<a href=\"https:\/\/az.wikipedia.org\/wiki\/1991\">1991<\/a>&#8211;<a href=\"https:\/\/az.wikipedia.org\/wiki\/1993\">1993<\/a>-c\u00fc ill\u0259rd\u0259 Nax\u00e7\u0131van Muxtar Respublikas\u0131 Ali M\u0259clisinin s\u0259dri kimi bu diyar\u0131n xilas\u0131 yolunda f\u0259dakarl\u0131q n\u00fcmun\u0259l\u0259ri g\u00f6st\u0259r\u0259n\u00a0<a href=\"https:\/\/az.wikipedia.org\/wiki\/Heyd%C9%99r_%C6%8Fliyev\">Heyd\u0259r \u018fliyev<\/a>\u00a0xalq\u0131n t\u0259kidli t\u0259l\u0259bl\u0259ri il\u0259 hakimiyy\u0259t\u0259 qay\u0131td\u0131. 1993-c\u00fc il iyunun 15-d\u0259\u00a0<a href=\"https:\/\/az.wikipedia.org\/wiki\/Heyd%C9%99r_%C6%8Fliyev\">Heyd\u0259r \u018fliyev<\/a>\u00a0Az\u0259rbaycan Respublikas\u0131 Ali Sovetinin s\u0259dri se\u00e7ildi. Bel\u0259likl\u0259,\u00a0<a href=\"https:\/\/az.wikipedia.org\/wiki\/15_iyun\">15 iyun<\/a>\u00a0Az\u0259rbaycan\u0131n tarixin\u0259 Milli Qurtulu\u015f G\u00fcn\u00fc kimi daxil oldu.<\/p>\n<p>1993-\u0441\u00fc ilin \u0259vv\u0259ll\u0259rind\u0259n \u00f6lk\u0259d\u0259 f\u0259aliyy\u0259t g\u00f6st\u0259r\u0259n b\u0259zi silahl\u0131 d\u0259st\u0259l\u0259rin yol verdikl\u0259ri ba\u015f\u0131pozuq h\u0259r\u0259k\u0259tl\u0259r, Az\u0259rbaycan\u0131n daxilind\u0259 qarda\u015f q\u0131r\u011f\u0131n\u0131 v\u0259 v\u0259t\u0259nda\u015f m\u00fcharib\u0259sin\u0259 z\u0259min yaranmas\u0131, ayr\u0131-ayr\u0131 b\u00f6lg\u0259l\u0259rd\u0259 is\u0259 separat\u00e7\u0131l\u0131q v\u0259 par\u00e7alanma meyll\u0259rinin ba\u015f qald\u0131rmas\u0131 Az\u0259rbaycan\u0131n bir d\u00f6vl\u0259t kimi varl\u0131\u011f\u0131na bird\u0259f\u0259lik son qoyulmas\u0131 plan\u0131n\u0131 tam g\u00fcc\u00fc il\u0259 i\u015f\u0259 salm\u0131\u015fd\u0131.\u00a0\u0130ki illik m\u00fcst\u0259qillik tarixin\u0259 baxmayaraq, \u00f6lk\u0259 t\u0259b\u0259dd\u00fclatlar dal\u011fas\u0131ndan h\u0259l\u0259 d\u0259 xilas ola bilm\u0259mi\u015fdi. 1993-c\u00fc il iyunun 4-d\u0259\u00a0<a href=\"https:\/\/az.wikipedia.org\/wiki\/G%C9%99nc%C9%99\">G\u0259nc\u0259d<\/a>\u0259 polkovnik\u00a0<a href=\"https:\/\/az.wikipedia.org\/wiki\/Sur%C9%99t_H%C3%BCseynov\">Sur\u0259t H\u00fcseynovun<\/a>\u00a0n\u0259zar\u0259ti alt\u0131nda olan h\u0259rbi hiss\u0259nin hakimiyy\u0259t\u0259 ita\u0259tsizliyi is\u0259 \u00f6lk\u0259ni tamamil\u0259 xaosa s\u00fcr\u00fckl\u0259yirdi. Situasiyan\u0131 n\u0259zar\u0259t\u0259 almaq \u00fc\u00e7\u00fcn hakimiyy\u0259tin atd\u0131\u011f\u0131 t\u0259l\u0259sik add\u0131mlar v\u0259ziyy\u0259ti d\u00fcz\u0259ltm\u0259di. \u018fksin\u0259, G\u0259nc\u0259y\u0259 yola d\u00fc\u015f\u0259n d\u00f6vl\u0259t n\u00fcmay\u0259nd\u0259l\u0259ri girov g\u00f6t\u00fcr\u00fcld\u00fc. Qiyam\u00e7\u0131 h\u0259rbi hiss\u0259nin r\u0259hb\u0259rliyi \u0259vv\u0259lc\u0259 Ba\u015f nazir v\u0259 Milli M\u0259clis s\u0259drinin, sonra is\u0259 prezidentin istefas\u0131n\u0131 t\u0259l\u0259b etdi. V\u0259ziyy\u0259t n\u0259zar\u0259td\u0259n \u00e7\u0131x\u0131r, \u0259traf rayonlar\u0131n icra ba\u015f\u00e7\u0131lar\u0131 zorla d\u0259yi\u015fdirilir, Sur\u0259t H\u00fcseynovun qiyam\u0131 m\u0259hdud G\u0259nc\u0259 civarlar\u0131ndan \u00e7\u0131xaraq, \u00fcz\u00fc\u00a0<a href=\"https:\/\/az.wikipedia.org\/wiki\/Bak%C4%B1\">Bak\u0131ya<\/a>\u00a0do\u011fru geni\u015f miqyas al\u0131rd\u0131. \u00d6l\u0259nl\u0259r v\u0259 yaralananlar var idi. Bel\u0259 bir vaxtda d\u00f6vl\u0259ti m\u0259hv olmaqdan xilas etm\u0259k \u00fc\u00e7\u00fcn \u00f6lk\u0259 r\u0259hb\u0259rliyi Nax\u00e7\u0131van Ali M\u0259clisinin s\u0259dri Heyd\u0259r \u018fliyevi Bak\u0131ya d\u0259v\u0259t etm\u0259k q\u0259rar\u0131na g\u0259ldi.<\/p>\n<p>Bak\u0131ya qay\u0131dandan sonra\u00a0<a href=\"https:\/\/az.wikipedia.org\/wiki\/Sur%C9%99t_H%C3%BCseynov\">Sur\u0259t H\u00fcseynovla<\/a>\u00a0dan\u0131\u015f\u0131qlar aparmaq m\u0259qs\u0259dil\u0259 G\u0259nc\u0259y\u0259 yola d\u00fc\u015f\u0259n Heyd\u0259r \u018fliyev\u00a0<a href=\"https:\/\/az.wikipedia.org\/wiki\/Milli_M%C9%99clis\">Milli M\u0259clisin<\/a>iclas\u0131nda G\u0259nc\u0259 hadis\u0259l\u0259ri il\u0259 ba\u011fl\u0131 aray\u0131\u015f verdi. Bel\u0259likl\u0259, iyunun 15-d\u0259 Milli M\u0259clisd\u0259 Heyd\u0259r \u018fliyev istefa vermi\u015f\u00a0<a href=\"https:\/\/az.wikipedia.org\/wiki\/%C4%B0sa_Q%C9%99mb%C9%99r\">\u0130sa Q\u0259mb\u0259rin<\/a>\u00a0yerin\u0259 parlamentin s\u0259dri se\u00e7ildi.<\/p>\n<p>Sonralar mill\u0259t v\u0259kill\u0259ri 15 iyun tarixinin t\u0259qvim\u0259 Az\u0259rbaycan\u0131n Qurtulu\u015f g\u00fcn\u00fc kimi sal\u0131nmas\u0131 t\u0259klifi il\u0259 \u00e7\u0131x\u0131\u015f etdil\u0259r v\u0259 Milli M\u0259clis bu t\u0259klifi b\u0259y\u0259ndi. O vaxtdan Heyd\u0259r \u018fliyevin yenid\u0259n hakimiyy\u0259t\u0259 qay\u0131d\u0131\u015f\u0131 Milli Qurtulu\u015f g\u00fcn\u00fc kimi qeyd edilir. Art\u0131q bir ne\u00e7\u0259 ildir ki, xalq bu g\u00fcn\u00fc Heyd\u0259r \u018fliyevin m\u0259zar\u0131n\u0131 ziyar\u0259t etm\u0259kl\u0259 an\u0131r.<\/p>\n<p>&nbsp;<\/p>\n","protected":false},"excerpt":{"rendered":"<p>1991-ci ilin oktyabr\u0131nda Az\u0259rbaycan m\u00fcst\u0259qillik \u0259ld\u0259 etdi. Lakin m\u00fcst\u0259qilliyin ilk ill\u0259ri siyasi hakimiyy\u0259t bo\u015flu\u011fu v\u0259 d\u00f6vl\u0259tin \u0259saslar\u0131n\u0131n, ordu v\u0259 d\u00f6vl\u0259t t\u0259hl\u00fck\u0259sizliyi orqanlar\u0131 da daxil olmaqla, d\u00f6vl\u0259tin b\u00fct\u00fcn t\u0259sisatlar\u0131n\u0131n bo\u015flu\u011fu il\u0259 \u0259lam\u0259tdar idi. Erm\u0259nistan\u0131n ilhaq\u00e7\u0131l\u0131q niyy\u0259ti g\u00fcd\u0259n t\u0259cav\u00fcz\u00fc respublikada v\u0259ziyy\u0259ti daha da g\u0259rginl\u0259\u015fdirirdi. V\u0259t\u0259nin bu a\u011f\u0131r d\u00f6vr\u00fcnd\u0259 Az\u0259rbaycan Kommunist Partiyas\u0131 M\u0259rk\u0259zi Komit\u0259sinin birinci katibi (1969&#8211;1982) olmu\u015f,<\/p>\n<p><a href=\"http:\/\/ftf.gdu.edu.az\/?p=1089\" class=\"more-link themebutton\">Daha \u0259trafl\u0131 <\/a><\/p>\n","protected":false},"author":3,"featured_media":0,"comment_status":"open","ping_status":"open","sticky":false,"template":"","format":"standard","meta":{"footnotes":""},"categories":[3],"tags":[],"class_list":["post-1089","post","type-post","status-publish","format-standard","hentry","category-xbrlr"],"_links":{"self":[{"href":"http:\/\/ftf.gdu.edu.az\/index.php?rest_route=\/wp\/v2\/posts\/1089"}],"collection":[{"href":"http:\/\/ftf.gdu.edu.az\/index.php?rest_route=\/wp\/v2\/posts"}],"about":[{"href":"http:\/\/ftf.gdu.edu.az\/index.php?rest_route=\/wp\/v2\/types\/post"}],"author":[{"embeddable":true,"href":"http:\/\/ftf.gdu.edu.az\/index.php?rest_route=\/wp\/v2\/users\/3"}],"replies":[{"embeddable":true,"href":"http:\/\/ftf.gdu.edu.az\/index.php?rest_route=%2Fwp%2Fv2%2Fcomments&post=1089"}],"version-history":[{"count":3,"href":"http:\/\/ftf.gdu.edu.az\/index.php?rest_route=\/wp\/v2\/posts\/1089\/revisions"}],"predecessor-version":[{"id":1094,"href":"http:\/\/ftf.gdu.edu.az\/index.php?rest_route=\/wp\/v2\/posts\/1089\/revisions\/1094"}],"wp:attachment":[{"href":"http:\/\/ftf.gdu.edu.az\/index.php?rest_route=%2Fwp%2Fv2%2Fmedia&parent=1089"}],"wp:term":[{"taxonomy":"category","embeddable":true,"href":"http:\/\/ftf.gdu.edu.az\/index.php?rest_route=%2Fwp%2Fv2%2Fcategories&post=1089"},{"taxonomy":"post_tag","embeddable":true,"href":"http:\/\/ftf.gdu.edu.az\/index.php?rest_route=%2Fwp%2Fv2%2Ftags&post=1089"}],"curies":[{"name":"wp","href":"https:\/\/api.w.org\/{rel}","templated":true}]}}