{"id":1263,"date":"2016-11-14T16:40:07","date_gmt":"2016-11-14T14:40:07","guid":{"rendered":"http:\/\/ftf.gdu.edu.az\/?p=1263"},"modified":"2016-11-15T13:40:36","modified_gmt":"2016-11-15T11:40:36","slug":"14-xi-2016-ci-il-tarixd%c9%99-bmu%c9%99l-k-r-m%c9%99mm%c9%99dovun-aciq-d%c9%99rsi-kecirildi","status":"publish","type":"post","link":"http:\/\/ftf.gdu.edu.az\/?p=1263","title":{"rendered":"14.XI. 2016- c\u0131 il tarixd\u0259 b\/m\u00fc\u0259l. K.R.M\u0259mm\u0259dovun a\u00e7\u0131q d\u0259rsi ke\u00e7irildi"},"content":{"rendered":"<p><a href=\"http:\/\/ftf.gdu.edu.az\/wp-content\/uploads\/2016\/11\/KAMAL-m.jpg\"><img loading=\"lazy\" decoding=\"async\" class=\"alignnone size-medium wp-image-1264\" src=\"http:\/\/ftf.gdu.edu.az\/wp-content\/uploads\/2016\/11\/KAMAL-m-300x201.jpg\" alt=\"kamal-m\" width=\"300\" height=\"201\" \/><\/a><\/p>\n<p>14.XI.2016 \u2013 c\u0131 il tarixind\u0259 \u00dcTF v\u0259 texnologiya kafedras\u0131n\u0131n ba\u015f m\u00fc\u0259llimi Kamal R\u0259sul ol\u011flu M\u0259mm\u0259dovun \u00a0\u201cEkologiya m\u00fch\u0259ndisliyi\u201d ixtisas\u0131n\u0131n II kursunda \u00a0\u00a0M\u00fch\u0259ndis qrafikas\u0131 f\u0259nnind\u0259n\u00a0 \u201cG\u00f6r\u00fcn\u00fc\u015fl\u0259rin m\u00fc\u0259yy\u0259n edilm\u0259si, eskizin t\u0259rtibi, i\u015f\u00e7i \u00e7ertyojunun i\u015fl\u0259nilm\u0259si\u201d\u00a0 m\u00f6vzusunda a\u00e7\u0131q d\u0259rsi ke\u00e7irildi.<\/p>\n<p>A\u00e7\u0131q d\u0259rsd\u0259 \u00dcTF v\u0259 texnologiya kafedras\u0131n\u0131n m\u00fcdiri, rektorun s\u0259lahiyy\u0259tli n\u00fcmay\u0259nd\u0259si \u00a0dos. E.M.Cavadov, \u00a0fak\u00fclt\u0259 dekan\u0131 prof.M.S.Quliyev.,\u00a0 kafedran\u0131n \u00a0professor \u2013 m\u00fc\u0259llim hey\u0259ti &#8211;\u00a0 dos. G.R.\u018fh\u0259dova,\u00a0 \u00a0b\/m. A.H.\u018fliyeva., b\/m.M.\u015e.Sad\u0131xova., \u00a0b\/m.E.C.H\u00fcseynov., kabin\u0259 m\u00fcdiri Af\u0259t M\u0259mm\u0259dova i\u015ftirak \u00a0etmi\u015fl\u0259r.<\/p>\n<p>&nbsp;<\/p>\n<p>M\u00fc\u0259llim m\u00f6vzunun deyilm\u0259 metodikas\u0131na uy\u011fun olaraq m\u00f6vzu il\u0259 \u0259laq\u0259li\u00a0 m\u00f6vzulardan ba\u015flayaraq, ard\u0131c\u0131ll\u0131qla yeni m\u00f6vzunun izah\u0131n\u0131 ba\u015flad\u0131. Yeni m\u00f6vzuda texniki\u00a0 r\u0259smx\u0259tt n\u0259yi \u00f6yr\u0259dir v\u0259 texniki r\u0259smx\u0259tin \u0259sas m\u00f6vzular\u0131ndan biri olan eskizin t\u0259rtib olunmas\u0131 m\u00f6vzusu \u00fczr\u0259 elektron variantda\u00a0 m\u0259lumat ver\u0259r\u0259k l\u00f6vh\u0259d\u0259\u00a0 geni\u015f izahat verdi.<\/p>\n<p>A\u00e7\u0131q d\u0259rs t\u0259l\u0259b\u0259l\u0259r\u00a0 v\u0259 m\u00fc\u0259llim hey\u0259ti t\u0259r\u0259find\u0259n \u201c\u0259la\u201d qiym\u0259tl\u0259ndirildi.<\/p>\n<p>&nbsp;<\/p>\n<p><b>\u00a0<\/b><\/p>\n<p>&nbsp;<\/p>\n","protected":false},"excerpt":{"rendered":"<p>14.XI.2016 \u2013 c\u0131 il tarixind\u0259 \u00dcTF v\u0259 texnologiya kafedras\u0131n\u0131n ba\u015f m\u00fc\u0259llimi Kamal R\u0259sul ol\u011flu M\u0259mm\u0259dovun \u00a0\u201cEkologiya m\u00fch\u0259ndisliyi\u201d ixtisas\u0131n\u0131n II kursunda \u00a0\u00a0M\u00fch\u0259ndis qrafikas\u0131 f\u0259nnind\u0259n\u00a0 \u201cG\u00f6r\u00fcn\u00fc\u015fl\u0259rin m\u00fc\u0259yy\u0259n edilm\u0259si, eskizin t\u0259rtibi, i\u015f\u00e7i \u00e7ertyojunun i\u015fl\u0259nilm\u0259si\u201d\u00a0 m\u00f6vzusunda a\u00e7\u0131q d\u0259rsi ke\u00e7irildi. A\u00e7\u0131q d\u0259rsd\u0259 \u00dcTF v\u0259 texnologiya kafedras\u0131n\u0131n m\u00fcdiri, rektorun s\u0259lahiyy\u0259tli n\u00fcmay\u0259nd\u0259si \u00a0dos. E.M.Cavadov, \u00a0fak\u00fclt\u0259 dekan\u0131 prof.M.S.Quliyev.,\u00a0 kafedran\u0131n \u00a0professor \u2013 m\u00fc\u0259llim hey\u0259ti<\/p>\n<p><a href=\"http:\/\/ftf.gdu.edu.az\/?p=1263\" class=\"more-link themebutton\">Daha \u0259trafl\u0131 <\/a><\/p>\n","protected":false},"author":3,"featured_media":0,"comment_status":"open","ping_status":"open","sticky":false,"template":"","format":"standard","meta":{"footnotes":""},"categories":[1],"tags":[],"class_list":["post-1263","post","type-post","status-publish","format-standard","hentry","category-sas"],"_links":{"self":[{"href":"http:\/\/ftf.gdu.edu.az\/index.php?rest_route=\/wp\/v2\/posts\/1263"}],"collection":[{"href":"http:\/\/ftf.gdu.edu.az\/index.php?rest_route=\/wp\/v2\/posts"}],"about":[{"href":"http:\/\/ftf.gdu.edu.az\/index.php?rest_route=\/wp\/v2\/types\/post"}],"author":[{"embeddable":true,"href":"http:\/\/ftf.gdu.edu.az\/index.php?rest_route=\/wp\/v2\/users\/3"}],"replies":[{"embeddable":true,"href":"http:\/\/ftf.gdu.edu.az\/index.php?rest_route=%2Fwp%2Fv2%2Fcomments&post=1263"}],"version-history":[{"count":1,"href":"http:\/\/ftf.gdu.edu.az\/index.php?rest_route=\/wp\/v2\/posts\/1263\/revisions"}],"predecessor-version":[{"id":1265,"href":"http:\/\/ftf.gdu.edu.az\/index.php?rest_route=\/wp\/v2\/posts\/1263\/revisions\/1265"}],"wp:attachment":[{"href":"http:\/\/ftf.gdu.edu.az\/index.php?rest_route=%2Fwp%2Fv2%2Fmedia&parent=1263"}],"wp:term":[{"taxonomy":"category","embeddable":true,"href":"http:\/\/ftf.gdu.edu.az\/index.php?rest_route=%2Fwp%2Fv2%2Fcategories&post=1263"},{"taxonomy":"post_tag","embeddable":true,"href":"http:\/\/ftf.gdu.edu.az\/index.php?rest_route=%2Fwp%2Fv2%2Ftags&post=1263"}],"curies":[{"name":"wp","href":"https:\/\/api.w.org\/{rel}","templated":true}]}}