{"id":199,"date":"2016-04-07T09:23:41","date_gmt":"2016-04-07T07:23:41","guid":{"rendered":"http:\/\/ftf.gdu.edu.az\/?p=199"},"modified":"2016-04-27T13:54:55","modified_gmt":"2016-04-27T11:54:55","slug":"bm-emilya-h%c9%99s%c9%99novanin-uguru","status":"publish","type":"post","link":"http:\/\/ftf.gdu.edu.az\/?p=199","title":{"rendered":"B\/m. EM\u0130LYA H\u018fS\u018fNOVANIN  U\u011eURU"},"content":{"rendered":"<p>[metaslider id=889]<\/p>\n<p>2014 \u2013 c\u00fc ild\u0259 Heyd\u0259r \u018fliyev Fondunun d\u0259st\u0259yi il\u0259 in\u015fa edilmi\u015f M\u0259hs\u0259ti G\u0259nc\u0259vi M\u0259rk\u0259zind\u0259, G\u0259nc\u0259 \u015f\u0259h\u0259rinin ictimai \u2013 m\u0259d\u0259ni h\u0259yat\u0131nda v\u0259 \u201cD\u00fcnya \u2013 Az\u0259rbaycan qad\u0131nlar\u0131n\u0131n g\u00f6z\u00fc il\u0259\u201d adl\u0131 qad\u0131n r\u0259ssamlar\u0131n\u0131n yarad\u0131c\u0131l\u0131q s\u0259rgizi ke\u00e7irilmi\u015fdi. S\u0259rgid\u0259 23 qad\u0131n r\u0259ssamlar\u0131n m\u00fcxt\u0259lif m\u00f6vzularda 150 \u2013 d\u0259n art\u0131q qrafiki, ya\u011fl\u0131 v\u0259 sulu boya, tikm\u0259, el\u0259c\u0259 d\u0259 muncuq vitraj \u00fcsulla yarad\u0131lm\u0131\u015f \u0259s\u0259rl\u0259ri, dekorativ \u2013 t\u0259tbiqi s\u0259n\u0259t n\u00fcmun\u0259l\u0259ri n\u00fcmayi\u015f etdirilmi\u015fdi. Bu s\u0259rgid\u0259 G\u0259nc\u0259 D\u00f6vl\u0259t Universitetinin T\u0259sviri \u0130nc\u0259s\u0259n\u0259t kafedras\u0131n\u0131n ba\u015f m\u00fc\u0259llimi Emilya H\u0259s\u0259nova da \u00a0vitraj v\u0259 muncuqla i\u015fl\u0259nmi\u015f i\u015fl\u0259rl\u0259 i\u015ftirak etmi\u015fdir.<\/p>\n<p>\u0130lk d\u0259f\u0259 G\u0259nc\u0259d\u0259 ya\u015fay\u0131b \u2013 yaradan qad\u0131n r\u0259ssamlar\u0131n yarad\u0131c\u0131l\u0131q s\u0259rgisinin ke\u00e7irilm\u0259si \u00a0qad\u0131n r\u0259ssamlar\u0131n\u0131\u00a0 \u00e7ox sevindirdi.<\/p>\n<p>G\u0259nc\u0259 \u015f\u0259h\u0259r \u0130cra Hakimiyy\u0259tinin t\u0259\u015f\u0259bb\u00fcs\u00fc v\u0259 d\u0259st\u0259yi il\u0259 ke\u00e7iril\u0259n bu s\u0259rgid\u0259 GDU \u2013 nun T\u0259\u0131sviri \u0130nc\u0259s\u0259n\u0259t Kafedras\u0131n\u0131n ba\u015f m\u00fc\u0259llimi Emilya H\u0259s\u0259nova\u00a0 G\u0259nc\u0259 \u015e\u0259h\u0259r \u0130cra Ba\u015f\u00e7\u0131s\u0131 t\u0259r\u0259find\u0259n f\u0259xri f\u0259rmanla t\u0259ltif olunmu\u015fdur.<\/p>\n<p>\u015e\u0259h\u0259rimizin r\u0259ssam qad\u0131nlar\u0131 ad\u0131ndan bu s\u0259rgid\u0259 d\u0259st\u0259k verdiyin\u0259, istedadl\u0131 insanlara g\u00f6st\u0259rdiyi qay\u011f\u0131ya g\u00f6r\u0259 \u015f\u0259h\u0259r r\u0259hb\u0259rliyin\u0259 s\u0259mimi minn\u0259tdarl\u0131\u011f\u0131n\u0131 bildiririk.<\/p>\n<p>&nbsp;<\/p>\n","protected":false},"excerpt":{"rendered":"<p>[metaslider id=889] 2014 \u2013 c\u00fc ild\u0259 Heyd\u0259r \u018fliyev Fondunun d\u0259st\u0259yi il\u0259 in\u015fa edilmi\u015f M\u0259hs\u0259ti G\u0259nc\u0259vi M\u0259rk\u0259zind\u0259, G\u0259nc\u0259 \u015f\u0259h\u0259rinin ictimai \u2013 m\u0259d\u0259ni h\u0259yat\u0131nda v\u0259 \u201cD\u00fcnya \u2013 Az\u0259rbaycan qad\u0131nlar\u0131n\u0131n g\u00f6z\u00fc il\u0259\u201d adl\u0131 qad\u0131n r\u0259ssamlar\u0131n\u0131n yarad\u0131c\u0131l\u0131q s\u0259rgizi ke\u00e7irilmi\u015fdi. S\u0259rgid\u0259 23 qad\u0131n r\u0259ssamlar\u0131n m\u00fcxt\u0259lif m\u00f6vzularda 150 \u2013 d\u0259n art\u0131q qrafiki, ya\u011fl\u0131 v\u0259 sulu boya, tikm\u0259, el\u0259c\u0259 d\u0259 muncuq vitraj<\/p>\n<p><a href=\"http:\/\/ftf.gdu.edu.az\/?p=199\" class=\"more-link themebutton\">Daha \u0259trafl\u0131 <\/a><\/p>\n","protected":false},"author":3,"featured_media":0,"comment_status":"open","ping_status":"open","sticky":false,"template":"","format":"standard","meta":{"footnotes":""},"categories":[3],"tags":[],"class_list":["post-199","post","type-post","status-publish","format-standard","hentry","category-xbrlr"],"_links":{"self":[{"href":"http:\/\/ftf.gdu.edu.az\/index.php?rest_route=\/wp\/v2\/posts\/199"}],"collection":[{"href":"http:\/\/ftf.gdu.edu.az\/index.php?rest_route=\/wp\/v2\/posts"}],"about":[{"href":"http:\/\/ftf.gdu.edu.az\/index.php?rest_route=\/wp\/v2\/types\/post"}],"author":[{"embeddable":true,"href":"http:\/\/ftf.gdu.edu.az\/index.php?rest_route=\/wp\/v2\/users\/3"}],"replies":[{"embeddable":true,"href":"http:\/\/ftf.gdu.edu.az\/index.php?rest_route=%2Fwp%2Fv2%2Fcomments&post=199"}],"version-history":[{"count":2,"href":"http:\/\/ftf.gdu.edu.az\/index.php?rest_route=\/wp\/v2\/posts\/199\/revisions"}],"predecessor-version":[{"id":909,"href":"http:\/\/ftf.gdu.edu.az\/index.php?rest_route=\/wp\/v2\/posts\/199\/revisions\/909"}],"wp:attachment":[{"href":"http:\/\/ftf.gdu.edu.az\/index.php?rest_route=%2Fwp%2Fv2%2Fmedia&parent=199"}],"wp:term":[{"taxonomy":"category","embeddable":true,"href":"http:\/\/ftf.gdu.edu.az\/index.php?rest_route=%2Fwp%2Fv2%2Fcategories&post=199"},{"taxonomy":"post_tag","embeddable":true,"href":"http:\/\/ftf.gdu.edu.az\/index.php?rest_route=%2Fwp%2Fv2%2Ftags&post=199"}],"curies":[{"name":"wp","href":"https:\/\/api.w.org\/{rel}","templated":true}]}}