{"id":208,"date":"2016-04-07T09:51:15","date_gmt":"2016-04-07T07:51:15","guid":{"rendered":"http:\/\/ftf.gdu.edu.az\/?p=208"},"modified":"2016-04-22T13:01:51","modified_gmt":"2016-04-22T11:01:51","slug":"yeni-il-s%c9%99nliyi","status":"publish","type":"post","link":"http:\/\/ftf.gdu.edu.az\/?p=208","title":{"rendered":"YEN\u0130 \u0130L \u015e\u018fNL\u0130Y\u0130"},"content":{"rendered":"<p><a href=\"http:\/\/ftf.gdu.edu.az\/wp-content\/uploads\/2016\/04\/IMG-20151226-WA0022.jpg\"><img loading=\"lazy\" decoding=\"async\" class=\"alignnone  wp-image-866\" src=\"http:\/\/ftf.gdu.edu.az\/wp-content\/uploads\/2016\/04\/IMG-20151226-WA0022-300x200.jpg\" alt=\"IMG-20151226-WA0022\" width=\"333\" height=\"222\" \/><\/a><\/p>\n<p>H\u0259r il oldu\u011fu kimi bu ild\u0259 Universitetimizin daxilind\u0259 m\u00fc\u0259llim v\u0259 t\u0259l\u0259b\u0259 hey\u0259ti il\u0259 \u0130mperial \u015fadl\u0131q saray\u0131nda Yeni il \u015f\u0259nliyi ke\u00e7irildi.<\/p>\n<p>Rektorumuz c\u0259nab Yusif m\u00fc\u0259llimin t\u0259l\u0259b\u0259l\u0259r\u0259 g\u00f6st\u0259rdiyi qay\u011f\u0131 n\u0259tic\u0259sind\u0259 ba\u015f tutan \u015f\u0259nlik \u00e7ox maraql\u0131 v\u0259 m\u00fcxt\u0259lif m\u00fckafatlarla\u00a0 qeyd edildi. Buna g\u00f6r\u0259 d\u0259 Rektorumuz Yusif m\u00fc\u0259llim\u0259 d\u0259rin minn\u0259tdarl\u0131\u011f\u0131m\u0131z\u0131 bildiririk.<\/p>\n<p>T\u0259dbirin \u0259sas m\u0259zmunu GDU \u2013 nun n\u0259zdind\u0259 ke\u00e7irilmi\u015f \u201c\u0130lin t\u0259l\u0259b\u0259si\u201d yar\u0131\u015f\u0131n\u0131n qalibini m\u00fc\u0259yy\u0259nl\u0259\u015fdirm\u0259k v\u0259 t\u0259l\u0259b\u0259l\u0259r\u0259 bir ne\u00e7\u0259 saatl\u0131q da olsa xo\u015f anlar ya\u015fatmaqd\u0131r. Yarad\u0131c\u0131l\u0131q nominasiyas\u0131 \u00fczr\u0259 qalib m\u0259hz bizim Fak\u00fclt\u0259nin t\u0259l\u0259b\u0259si T\u0259sviri \u0130nc\u0259s\u0259n\u0259t m\u00fc\u0259llimliyi III kurs t\u0259l\u0259b\u0259si Qarayev Mobil olmu\u015fdur. Bundan ba\u015fqa T\u0259sviri \u0130nc\u0259n\u0259t m\u00fc\u0259llimliyi I kurs t\u0259l\u0259b\u0259si Ar\u0131xova Nigar da \u201c\u0130n\u015fa\u201d m\u00fcsabiq\u0259sind\u0259 III yer\u0259 layiq g\u00f6r\u00fcld\u00fcy\u00fc \u00fc\u00e7\u00fcn diplomla m\u00fckafatland\u0131r\u0131ld\u0131. \u201cBilik\u201d yar\u0131\u015f\u0131nda qalib g\u0259l\u0259n t\u0259l\u0259b\u0259l\u0259rimiz d\u0259 m\u00fcxt\u0259lif h\u0259diyy\u0259l\u0259rl\u0259 m\u00fckafatland\u0131r\u0131ld\u0131.<\/p>\n<p>Yeni \u0130l \u015f\u0259nliyi \u00e7ox maraql\u0131 v\u0259 ham\u0131n\u0131n xo\u015funa g\u0259l\u0259n s\u0259viyy\u0259d\u0259 ke\u00e7di.<\/p>\n<p>&nbsp;<\/p>\n<p>&nbsp;<\/p>\n<p>&nbsp;<\/p>\n","protected":false},"excerpt":{"rendered":"<p>H\u0259r il oldu\u011fu kimi bu ild\u0259 Universitetimizin daxilind\u0259 m\u00fc\u0259llim v\u0259 t\u0259l\u0259b\u0259 hey\u0259ti il\u0259 \u0130mperial \u015fadl\u0131q saray\u0131nda Yeni il \u015f\u0259nliyi ke\u00e7irildi. Rektorumuz c\u0259nab Yusif m\u00fc\u0259llimin t\u0259l\u0259b\u0259l\u0259r\u0259 g\u00f6st\u0259rdiyi qay\u011f\u0131 n\u0259tic\u0259sind\u0259 ba\u015f tutan \u015f\u0259nlik \u00e7ox maraql\u0131 v\u0259 m\u00fcxt\u0259lif m\u00fckafatlarla\u00a0 qeyd edildi. Buna g\u00f6r\u0259 d\u0259 Rektorumuz Yusif m\u00fc\u0259llim\u0259 d\u0259rin minn\u0259tdarl\u0131\u011f\u0131m\u0131z\u0131 bildiririk. T\u0259dbirin \u0259sas m\u0259zmunu GDU \u2013 nun n\u0259zdind\u0259 ke\u00e7irilmi\u015f<\/p>\n<p><a href=\"http:\/\/ftf.gdu.edu.az\/?p=208\" class=\"more-link themebutton\">Daha \u0259trafl\u0131 <\/a><\/p>\n","protected":false},"author":3,"featured_media":0,"comment_status":"open","ping_status":"open","sticky":false,"template":"","format":"standard","meta":{"footnotes":""},"categories":[3],"tags":[],"class_list":["post-208","post","type-post","status-publish","format-standard","hentry","category-xbrlr"],"_links":{"self":[{"href":"http:\/\/ftf.gdu.edu.az\/index.php?rest_route=\/wp\/v2\/posts\/208"}],"collection":[{"href":"http:\/\/ftf.gdu.edu.az\/index.php?rest_route=\/wp\/v2\/posts"}],"about":[{"href":"http:\/\/ftf.gdu.edu.az\/index.php?rest_route=\/wp\/v2\/types\/post"}],"author":[{"embeddable":true,"href":"http:\/\/ftf.gdu.edu.az\/index.php?rest_route=\/wp\/v2\/users\/3"}],"replies":[{"embeddable":true,"href":"http:\/\/ftf.gdu.edu.az\/index.php?rest_route=%2Fwp%2Fv2%2Fcomments&post=208"}],"version-history":[{"count":2,"href":"http:\/\/ftf.gdu.edu.az\/index.php?rest_route=\/wp\/v2\/posts\/208\/revisions"}],"predecessor-version":[{"id":886,"href":"http:\/\/ftf.gdu.edu.az\/index.php?rest_route=\/wp\/v2\/posts\/208\/revisions\/886"}],"wp:attachment":[{"href":"http:\/\/ftf.gdu.edu.az\/index.php?rest_route=%2Fwp%2Fv2%2Fmedia&parent=208"}],"wp:term":[{"taxonomy":"category","embeddable":true,"href":"http:\/\/ftf.gdu.edu.az\/index.php?rest_route=%2Fwp%2Fv2%2Fcategories&post=208"},{"taxonomy":"post_tag","embeddable":true,"href":"http:\/\/ftf.gdu.edu.az\/index.php?rest_route=%2Fwp%2Fv2%2Ftags&post=208"}],"curies":[{"name":"wp","href":"https:\/\/api.w.org\/{rel}","templated":true}]}}