{"id":221,"date":"2016-04-07T10:31:35","date_gmt":"2016-04-07T08:31:35","guid":{"rendered":"http:\/\/ftf.gdu.edu.az\/?p=221"},"modified":"2016-04-22T12:54:03","modified_gmt":"2016-04-22T10:54:03","slug":"8-mart-beyn%c9%99lxalq-qadinlar-gunu","status":"publish","type":"post","link":"http:\/\/ftf.gdu.edu.az\/?p=221","title":{"rendered":"8  MART \u2013 BEYN\u018fLXALQ QADINLAR G\u00dcN\u00dc"},"content":{"rendered":"<p style=\"text-align: left;\"><a href=\"http:\/\/ftf.gdu.edu.az\/wp-content\/uploads\/2016\/04\/\u0441\u043a\u0430\u0447\u0430\u043d\u043d\u044b\u0435-\u0444\u0430\u0439\u043b\u044b1.png\"><img loading=\"lazy\" decoding=\"async\" class=\"alignnone size-full wp-image-877\" src=\"http:\/\/ftf.gdu.edu.az\/wp-content\/uploads\/2016\/04\/\u0441\u043a\u0430\u0447\u0430\u043d\u043d\u044b\u0435-\u0444\u0430\u0439\u043b\u044b1.png\" alt=\"\u0441\u043a\u0430\u0447\u0430\u043d\u043d\u044b\u0435 \u0444\u0430\u0439\u043b\u044b\" width=\"249\" height=\"203\" \/><\/a><\/p>\n<p>D\u00fcnyan\u0131n h\u0259r yerind\u0259 oldu\u011fu kimi, h\u0259m\u00e7inin Az\u0259rbaycanda da h\u0259r il 8 MART Qad\u0131nlar Bayram\u0131 g\u00fcn\u00fc qeyd edilir.<\/p>\n<p>G\u0259nc\u0259 D\u00f6vl\u0259t Universitetind\u0259 d\u0259 Qad\u0131nlar Bayram\u0131 m\u00fcnasib\u0259ti il\u0259 t\u0259dbir ke\u00e7irildi. Bu t\u0259dbird\u0259 m\u00fc\u0259lliml\u0259r\u0259,\u00a0 t\u0259l\u0259b\u0259l\u0259r\u0259 diplom, m\u00fckafat,\u00a0 h\u0259diyy\u0259l\u0259r verildi.<\/p>\n<p><strong>Beyn\u0259lxalq Qad\u0131nlar G\u00fcn\u00fc<\/strong>\u00a0\u2014 H\u0259r il\u00a0<a href=\"https:\/\/az.wikipedia.org\/wiki\/8_mart\">8 mart<\/a>\u00a0tarixind\u0259 qeyd olunan Beyn\u0259lxalq \u0130\u015f\u00e7i Qad\u0131nlar G\u00fcn\u00fc olaraq da tan\u0131nan qad\u0131nlar\u0131n iqtisadi, ictimai v\u0259 siyasi m\u00fcbariz\u0259sini, habel\u0259 \u00fcmumi olaraq qad\u0131nlara qar\u015f\u0131 n\u0259zak\u0259t, sevgi v\u0259 m\u0259h\u0259bb\u0259ti t\u0259r\u0259nn\u00fcm\u00fcn\u00fc \u0259n\u0259n\u0259vi hala g\u0259tirmi\u015f bayramd\u0131r.<\/p>\n<p>8 Mart\u00a0<a href=\"https:\/\/az.wikipedia.org\/wiki\/Sovet_%C4%B0ttifaq%C4%B1\">Sovet \u0130ttifaq\u0131ndan<\/a>\u00a0qalma bayram olsa da,\u00a0<a href=\"https:\/\/az.wikipedia.org\/wiki\/Az%C9%99rbaycan\">Az\u0259rbaycanda<\/a>\u00a0indiy\u0259d\u0259k qeyd edilir. M\u0259hz qad\u0131nlar\u0131n k\u00fctl\u0259vi \u015f\u0259kild\u0259 savadlanmas\u0131, m\u00fc\u0259yy\u0259n h\u00fcquqlara malik olmas\u0131 h\u0259min d\u00f6vr\u0259 t\u0259sad\u00fcf edir. B\u0259lk\u0259 d\u0259 buna g\u00f6r\u0259dir ki, 8 Mart dig\u0259r sosializm m\u0259n\u015f\u0259li bayramlardan f\u0259rqli olaraq, art\u0131q m\u00fcst\u0259qillik qazanm\u0131\u015f ke\u00e7mi\u015f\u00a0<a href=\"https:\/\/az.wikipedia.org\/wiki\/SSR%C4%B0\">SSR\u0130<\/a>\u00a0respublikalar\u0131n\u0131n t\u0259qvimind\u0259n bu g\u00fcn\u0259 q\u0259d\u0259r silinm\u0259yib.<\/p>\n<p><a href=\"https:\/\/az.wikipedia.org\/wiki\/1998\">1998<\/a>-ci ild\u0259 Az\u0259rbaycanda\u00a0<a href=\"https:\/\/az.wikipedia.org\/wiki\/Az%C9%99rbaycan_Respublikas%C4%B1n%C4%B1n_Ail%C9%99,_Qad%C4%B1n_v%C9%99_U%C5%9Faq_Probleml%C9%99ri_%C3%BCzr%C9%99_D%C3%B6vl%C9%99t_Komit%C9%99si\">Qad\u0131n Probleml\u0259ri \u00fczr\u0259 D\u00f6vl\u0259t Komi-t\u0259si<\/a>\u00a0yarad\u0131l\u0131b.\u00a0<a href=\"https:\/\/az.wikipedia.org\/wiki\/Az%C9%99rbaycan\">Az\u0259rbaycan<\/a>\u00a0h\u0259m d\u0259\u00a0<a href=\"https:\/\/az.wikipedia.org\/wiki\/Avropa_%C5%9Euras%C4%B1\">Avropa \u015euras\u0131n<\/a>\u0131n qad\u0131nlarla ba\u011fl\u0131 b\u00fcrosunda t\u0259msil olunur,\u00a0<a href=\"https:\/\/az.wikipedia.org\/wiki\/BMT\">BMT<\/a>-nin qad\u0131n m\u0259s\u0259l\u0259l\u0259ri \u00fczr\u0259 komissiyas\u0131n\u0131n tam h\u00fcquqlu \u00fczv\u00fcd\u00fcr.\u00a0<a href=\"https:\/\/az.wikipedia.org\/wiki\/1995\">1995<\/a>-ci ild\u0259 is\u0259 Az\u0259rbaycan r\u0259smi \u015f\u0259kild\u0259 qad\u0131nlara qar\u015f\u0131 m\u00fcnasib\u0259td\u0259 ayr\u0131-se\u00e7kiliyin b\u00fct\u00fcn formalar\u0131n\u0131n aradan qald\u0131r\u0131lmas\u0131 haqq\u0131nda beyn\u0259lxalq konvensiyaya qo\u015fulub.<\/p>\n<p>H\u0259r il bayram g\u00fcn\u00fc \u0259r\u0259f\u0259sind\u0259 d\u00f6vl\u0259t ba\u015f\u00e7\u0131s\u0131 8 mart \u2013 Beyn\u0259lxalq Qad\u0131nlar g\u00fcn\u00fc m\u00fcnasib\u0259til\u0259 Az\u0259rbaycan qad\u0131nlar\u0131na t\u0259brik \u00fcnvanlay\u0131r, Az\u0259rbaycan qad\u0131nlar\u0131n\u0131n bir qrupuna f\u0259xri adlar verir, dig\u0259r bir qrupu is\u0259 orden v\u0259 ya medallarla t\u0259ltif edir.<\/p>\n","protected":false},"excerpt":{"rendered":"<p>D\u00fcnyan\u0131n h\u0259r yerind\u0259 oldu\u011fu kimi, h\u0259m\u00e7inin Az\u0259rbaycanda da h\u0259r il 8 MART Qad\u0131nlar Bayram\u0131 g\u00fcn\u00fc qeyd edilir. G\u0259nc\u0259 D\u00f6vl\u0259t Universitetind\u0259 d\u0259 Qad\u0131nlar Bayram\u0131 m\u00fcnasib\u0259ti il\u0259 t\u0259dbir ke\u00e7irildi. Bu t\u0259dbird\u0259 m\u00fc\u0259lliml\u0259r\u0259,\u00a0 t\u0259l\u0259b\u0259l\u0259r\u0259 diplom, m\u00fckafat,\u00a0 h\u0259diyy\u0259l\u0259r verildi. Beyn\u0259lxalq Qad\u0131nlar G\u00fcn\u00fc\u00a0\u2014 H\u0259r il\u00a08 mart\u00a0tarixind\u0259 qeyd olunan Beyn\u0259lxalq \u0130\u015f\u00e7i Qad\u0131nlar G\u00fcn\u00fc olaraq da tan\u0131nan qad\u0131nlar\u0131n iqtisadi, ictimai v\u0259 siyasi<\/p>\n<p><a href=\"http:\/\/ftf.gdu.edu.az\/?p=221\" class=\"more-link themebutton\">Daha \u0259trafl\u0131 <\/a><\/p>\n","protected":false},"author":3,"featured_media":0,"comment_status":"open","ping_status":"open","sticky":false,"template":"","format":"standard","meta":{"footnotes":""},"categories":[3],"tags":[],"class_list":["post-221","post","type-post","status-publish","format-standard","hentry","category-xbrlr"],"_links":{"self":[{"href":"http:\/\/ftf.gdu.edu.az\/index.php?rest_route=\/wp\/v2\/posts\/221"}],"collection":[{"href":"http:\/\/ftf.gdu.edu.az\/index.php?rest_route=\/wp\/v2\/posts"}],"about":[{"href":"http:\/\/ftf.gdu.edu.az\/index.php?rest_route=\/wp\/v2\/types\/post"}],"author":[{"embeddable":true,"href":"http:\/\/ftf.gdu.edu.az\/index.php?rest_route=\/wp\/v2\/users\/3"}],"replies":[{"embeddable":true,"href":"http:\/\/ftf.gdu.edu.az\/index.php?rest_route=%2Fwp%2Fv2%2Fcomments&post=221"}],"version-history":[{"count":2,"href":"http:\/\/ftf.gdu.edu.az\/index.php?rest_route=\/wp\/v2\/posts\/221\/revisions"}],"predecessor-version":[{"id":878,"href":"http:\/\/ftf.gdu.edu.az\/index.php?rest_route=\/wp\/v2\/posts\/221\/revisions\/878"}],"wp:attachment":[{"href":"http:\/\/ftf.gdu.edu.az\/index.php?rest_route=%2Fwp%2Fv2%2Fmedia&parent=221"}],"wp:term":[{"taxonomy":"category","embeddable":true,"href":"http:\/\/ftf.gdu.edu.az\/index.php?rest_route=%2Fwp%2Fv2%2Fcategories&post=221"},{"taxonomy":"post_tag","embeddable":true,"href":"http:\/\/ftf.gdu.edu.az\/index.php?rest_route=%2Fwp%2Fv2%2Ftags&post=221"}],"curies":[{"name":"wp","href":"https:\/\/api.w.org\/{rel}","templated":true}]}}