{"id":5287,"date":"2018-12-03T11:36:53","date_gmt":"2018-12-03T09:36:53","guid":{"rendered":"http:\/\/ftf.gdu.edu.az\/?p=5287"},"modified":"2018-12-10T08:19:23","modified_gmt":"2018-12-10T06:19:23","slug":"g%c9%99nc%c9%99-dovl%c9%99t-universitetinin-80-illik-yubileyi","status":"publish","type":"post","link":"http:\/\/ftf.gdu.edu.az\/?p=5287","title":{"rendered":"G\u0259nc\u0259 D\u00f6vl\u0259t Universitetinin 80 illik yubileyi"},"content":{"rendered":"<p>[metaslider id=5334]<\/p>\n<p>&nbsp;<\/p>\n<p>G\u0259nc\u0259 D\u00f6vl\u0259t Universitetinin 80 illik yubileyi t\u0259nt\u0259n\u0259 il\u0259 qeyd edilib<br \/>\nRespublikam\u0131z\u0131n q\u0259rb b\u00f6lg\u0259sind\u0259 \u0259n b\u00f6y\u00fck ali t\u0259hsil m\u00fc\u0259ssis\u0259si olan G\u0259nc\u0259 D\u00f6vl\u0259t Universitetinin bu il f\u0259aliyy\u0259t\u0259 ba\u015flamas\u0131ndan 80 il ke\u00e7ir. Bu m\u00fcnasib\u0259tl\u0259 universitetd\u0259 t\u0259nt\u0259n\u0259li yubiley t\u0259dbiri t\u0259\u015fkil olunub.<\/p>\n<p>Yubiley t\u0259dbirind\u0259 t\u0259hsil naziri Ceyhun Bayramov, G\u0259nc\u0259 \u015e\u0259h\u0259r \u0130cra Hakimiyy\u0259tinin ba\u015f\u00e7\u0131s\u0131 Niyazi Bayramov, respublikam\u0131z\u0131n v\u0259 d\u00fcnyan\u0131n bir s\u0131ra n\u00fcfuzlu universitetl\u0259rinin, elm-t\u0259hsil m\u0259rk\u0259zl\u0259rinin r\u0259hb\u0259rl\u0259ri, n\u00fcmay\u0259nd\u0259 hey\u0259tl\u0259ri, g\u00f6rk\u0259mli aliml\u0259r, Milli M\u0259clisin deputatlar\u0131, ictimai-siyasi xadiml\u0259r v\u0259 universitetin professor-m\u00fc\u0259llim hey\u0259ti i\u015ftirak edib.<\/p>\n<p>AZ\u018fRTAC-\u0131n b\u00f6lg\u0259 m\u00fcxbiri x\u0259b\u0259r verir ki, t\u0259dbir i\u015ftirak\u00e7\u0131lar\u0131 \u0259vv\u0259lc\u0259 G\u0259nc\u0259 \u015f\u0259h\u0259rinin m\u0259rk\u0259zin\u0259 g\u0259l\u0259r\u0259k Heyd\u0259r \u018fliyev meydan\u0131nda \u00dcmummilli Liderin abid\u0259sini ziyar\u0259t edib, \u00f6n\u00fcn\u0259 \u0259klil v\u0259 t\u0259r \u00e7i\u00e7\u0259kl\u0259r d\u00fcz\u00fcb, dahi r\u0259hb\u0259rin xatir\u0259sini an\u0131blar.<\/p>\n<p>Sonra universitetin \u0259n b\u00f6y\u00fck t\u0259dris binas\u0131 olan 5-ci korpusun \u0259sasl\u0131 yenid\u0259nqurmadan sonra a\u00e7\u0131l\u0131\u015f\u0131 olub.<\/p>\n<p>Bildirilib ki, yeni t\u0259dris binas\u0131 universitetin daxili imkanlar\u0131 hesab\u0131na m\u00fcasir t\u0259hsil standartlar\u0131 s\u0259viyy\u0259sind\u0259 yenid\u0259n qurulub. \u00dcmumi \u0259razisi 4,8 hektar olan 4 m\u0259rt\u0259b\u0259li t\u0259dris binas\u0131 m\u00fcasir infrastruktura v\u0259 z\u0259ngin maddi-texniki bazaya malikdir. Korpusda 2 m\u0259rt\u0259b\u0259li t\u0259dris binas\u0131, 99 otaq, idman v\u0259 306 yerlik iclas zal\u0131, ki\u00e7ik iclas zal\u0131, tibb m\u0259nt\u0259q\u0259si, yem\u0259kxana v\u0259 idman sah\u0259si var. H\u0259m\u00e7inin yeni t\u0259dris binas\u0131n\u0131n n\u0259zdind\u0259 Heyd\u0259r \u018fliyev gu\u015f\u0259si, universitetin tarixini \u0259ks etdir\u0259n muzey, 30 min kitab fonduna malik Nuru Pa\u015fa ad\u0131na kitabxana, \u018flil T\u0259l\u0259b\u0259l\u0259r \u00fc\u00e7\u00fcn M\u0259rk\u0259z, M\u00fcasir T\u0259lim M\u0259rk\u0259zi, E-\u00d6yr\u0259nm\u0259 M\u0259rk\u0259zi, Aleksandr D\u00fcma ad\u0131na Fransa M\u0259d\u0259niyy\u0259t M\u0259rk\u0259zi, Dil Resurslar\u0131 M\u0259rk\u0259zi v\u0259 iki m\u00fcxt\u0259lif istiqam\u0259td\u0259 f\u0259aliyy\u0259t g\u00f6st\u0259r\u0259c\u0259k komp\u00fcter m\u0259rk\u0259zi yarad\u0131l\u0131b.<\/p>\n<p>T\u0259hsil Nazirliyinin \u0259m\u0259kda\u015flar\u0131n\u0131n, ali t\u0259hsil m\u00fc\u0259ssis\u0259l\u0259ri rektorlar\u0131n\u0131n, deputatlar\u0131n, universitetl\u0259 \u0259m\u0259kda\u015fl\u0131q ed\u0259n xarici ali t\u0259hsil ocaqlar\u0131n\u0131n n\u00fcmay\u0259nd\u0259 hey\u0259tl\u0259rinin d\u0259 i\u015ftirak etdiyi yubiley t\u0259dbiri Az\u0259rbaycan\u0131n D\u00f6vl\u0259t himninin s\u0259sl\u0259ndirilm\u0259si il\u0259 ba\u015flay\u0131b.<\/p>\n<p>Yubiley t\u0259dbirind\u0259 \u00e7\u0131x\u0131\u015f ed\u0259n GDU-nun rektoru, professor Yusif Yusibov universitet haqq\u0131nda m\u0259lumat ver\u0259r\u0259k bildirib ki, z\u0259ngin \u0259n\u0259n\u0259l\u0259r\u0259, \u00f6z\u00fcn\u0259m\u0259xsus tarixi ke\u00e7mi\u015f\u0259 malik olan bu ali t\u0259hsil oca\u011f\u0131 \u00f6t\u0259n 80 ild\u0259 t\u0259kc\u0259 \u00f6lk\u0259miz \u00fc\u00e7\u00fcn yox, h\u0259m\u00e7inin qon\u015fu respublikalar \u00fc\u00e7\u00fcn d\u0259 pe\u015f\u0259kar, s\u0259ri\u015ft\u0259li pedaqoji kadrlar haz\u0131rlay\u0131b v\u0259 q\u0259rb regionunda maarif\u00e7iliyin inki\u015faf\u0131nda \u00f6z xidm\u0259tl\u0259rini g\u00f6st\u0259rib. G\u0259nc\u0259 D\u00f6vl\u0259t Universitetinin maarif istiqam\u0259tind\u0259 t\u0259hsil alm\u0131\u015f m\u0259zunlar\u0131 bu g\u00fcn Az\u0259rbaycan\u0131n m\u00fcxt\u0259lif \u015f\u0259h\u0259r, rayon v\u0259 k\u0259ndl\u0259rind\u0259, x\u00fcsusil\u0259 d\u0259 q\u0259rb regionunda pedaqoji f\u0259aliyy\u0259tl\u0259 m\u0259\u015f\u011ful olurlar.<\/p>\n<p>Ali t\u0259hsil oca\u011f\u0131n\u0131n yaranma tarixin\u0259 diqq\u0259t \u00e7\u0259k\u0259n rektor bildirib ki, G\u0259nc\u0259 D\u00f6vl\u0259t Universiteti Az\u0259rbaycan Xalq Komissarlar\u0131 Sovetinin 1938-ci il 14 aprel tarixli q\u0259rar\u0131 il\u0259 G\u0259nc\u0259 \u015f\u0259h\u0259rind\u0259 \u0130kiillik M\u00fc\u0259lliml\u0259r \u0130nstitutu kimi 23 m\u00fc\u0259llim v\u0259 244 t\u0259l\u0259b\u0259 il\u0259 f\u0259aliyy\u0259t\u0259 ba\u015flay\u0131b. 1943-c\u00fc ild\u0259n etibar\u0259n Kirovabad \u0130kiilik M\u00fc\u0259lliml\u0259r \u0130nstitutunun bazas\u0131nda tam ali t\u0259hsil ver\u0259n, y\u00fcks\u0259k ixtisasl\u0131 pedaqoji kadrlar haz\u0131rlayan d\u00f6rdillik Kirovabad D\u00f6vl\u0259t Pedaqoji \u0130nstitutu yarad\u0131l\u0131b, 1986-c\u0131 ild\u0259 \u015f\u0259h\u0259r\u0259 G\u0259nc\u0259 ad\u0131n\u0131n qaytar\u0131lmas\u0131 il\u0259 \u0259laq\u0259dar Kirovabad D\u00f6vl\u0259t Pedaqoji \u0130nstitutu G\u0259nc\u0259 D\u00f6vl\u0259t Pedaqoji \u0130nstitutu adland\u0131r\u0131l\u0131b, 2000-ci ild\u0259 is\u0259 Az\u0259rbaycan Respublikas\u0131 Prezidentinin F\u0259rman\u0131 il\u0259 institutun profili geni\u015fl\u0259ndirilm\u0259kl\u0259 G\u0259nc\u0259 D\u00f6vl\u0259t Universiteti yarad\u0131l\u0131b.<\/p>\n<p>Universitetin sonrak\u0131 inki\u015faf\u0131 \u00fcmummilli lider Heyd\u0259r \u018fliyevin v\u0259 Prezident \u0130lham \u018fliyevin \u00f6lk\u0259mizd\u0259ki dig\u0259r elm-t\u0259hsil m\u00fc\u0259ssis\u0259l\u0259rin\u0259 oldu\u011fu kimi, bu universitet\u0259 d\u0259 g\u00f6st\u0259rdiyi diqq\u0259t v\u0259 qay\u011f\u0131 il\u0259 ba\u011fl\u0131 olub. Haz\u0131rda universitetd\u0259 8 fak\u00fclt\u0259, 13 \u015f\u00f6b\u0259, 8 m\u0259rk\u0259z f\u0259aliyy\u0259t g\u00f6st\u0259rir, 6 mind\u0259n \u00e7ox t\u0259l\u0259b\u0259 t\u0259hsil al\u0131r. T\u0259l\u0259b\u0259l\u0259rin t\u0259lim-t\u0259rbiy\u0259si il\u0259 550 n\u0259f\u0259r\u0259 q\u0259d\u0259r professor-m\u00fc\u0259llim hey\u0259ti m\u0259\u015f\u011ful olur. Universitet y\u00fcks\u0259k keyfiyy\u0259tli maddi-texniki bazaya malikdir v\u0259 onun 5 t\u0259dris binas\u0131, t\u0259l\u0259b\u0259 yataqxanas\u0131 v\u0259 655 min n\u00fcsx\u0259 kitab fonduna malik kitabxanas\u0131 var. B\u00fct\u00fcn t\u0259dris binalar\u0131 \u0259sasl\u0131 sur\u0259td\u0259 t\u0259mir olunub v\u0259 auditoriyalarda keyfiyy\u0259tli t\u0259dris prosesi \u00fc\u00e7\u00fcn laz\u0131mi \u015f\u0259rait yarad\u0131l\u0131b. Y\u00fcks\u0259k ixtisasl\u0131 m\u00fct\u0259x\u0259ssisl\u0259rin haz\u0131rlanmas\u0131 \u00fc\u00e7\u00fcn 32 t\u0259dris laboratoriyas\u0131, 5 ixtisas kabineti, 2 t\u0259dris emalatxanas\u0131,12 komp\u00fcter m\u0259rk\u0259zi v\u0259 geni\u015f auditoriyalar m\u00f6vcuddur. Haz\u0131rda bakalavriat s\u0259viyy\u0259sind\u0259 40, magistratura s\u0259viyy\u0259sind\u0259 63 ixtisas \u00fczr\u0259 kadr haz\u0131rl\u0131\u011f\u0131 apar\u0131l\u0131r. 2017-ci ild\u0259 m\u00fcasir idar\u0259etm\u0259 sistemin\u0259 uy\u011fun olaraq strukturun optimalla\u015fd\u0131r\u0131lmas\u0131 m\u0259qs\u0259dil\u0259 yeni \u0130nnovasiyalar Departamenti v\u0259 onun n\u0259zdind\u0259 5 \u015f\u00f6b\u0259, 8 m\u0259rk\u0259z, 6 t\u0259dris v\u0259 1 elmi-t\u0259dqiqat laboratoriyas\u0131, h\u0259m\u00e7inin \u018flav\u0259 T\u0259hsil fak\u00fclt\u0259si yarad\u0131l\u0131b.<\/p>\n<p>\u201cSon ill\u0259r G\u0259nc\u0259 D\u00f6vl\u0259t Universitetin\u0259, onun kollektivin\u0259 inam\u0131n n\u0259tic\u0259si olaraq t\u0259l\u0259b\u0259 q\u0259bulu plan\u0131n\u0131n yerin\u0259 yetirilm\u0259si 97 faiz\u0259 q\u0259d\u0259r y\u00fcks\u0259lib v\u0259 GDU respublika universitetl\u0259ri i\u00e7\u0259risind\u0259 ilk \u00fc\u00e7l\u00fcy\u0259 daxil olub. H\u0259m\u00e7inin universiteti se\u00e7\u0259n y\u00fcks\u0259k bal toplam\u0131\u015f t\u0259l\u0259b\u0259l\u0259rin say\u0131nda da art\u0131m m\u00fc\u015fahid\u0259 olunub. Haz\u0131rda 90 n\u0259f\u0259rd\u0259n \u00e7ox t\u0259l\u0259b\u0259 \u201cG\u0259l\u0259c\u0259yin m\u00fc\u0259llimi\u201d t\u0259qa\u00fcd\u00fcn\u00fc al\u0131r. M\u0259hz bu g\u00f6st\u0259ricil\u0259r universitet \u00fc\u00e7\u00fcn son 10 ilin \u0259n yax\u015f\u0131 g\u00f6st\u0259ricisidir v\u0259 yarad\u0131lan i\u015f\u00e7i qrupun G\u0259nc\u0259 \u015f\u0259h\u0259ri v\u0259 \u0259traf rayonlar\u0131n m\u0259kt\u0259bl\u0259rind\u0259 m\u0259qs\u0259dy\u00f6nl\u00fc \u015f\u0259kild\u0259 apard\u0131\u011f\u0131 t\u0259bli\u011fat i\u015fl\u0259rinin, t\u0259dris \u00fc\u00e7\u00fcn yarad\u0131lan \u015f\u0259raitin v\u0259 maddi-texniki bazan\u0131n yax\u015f\u0131la\u015fd\u0131r\u0131lmas\u0131n\u0131n n\u0259tic\u0259sidir\u201d, \u2013 dey\u0259 rektor qeyd edib.<\/p>\n<p>Professor Yusif Yusibov bildirib ki, universitetin m\u0259zunlar\u0131 d\u00f6vl\u0259t qullu\u011funa aid olan vakansiyalar\u0131 tutmaq \u00fc\u00e7\u00fcn D\u00f6vl\u0259t \u0130mtahan M\u0259rk\u0259zi t\u0259r\u0259find\u0259n ke\u00e7iril\u0259n imtahanlarda son ill\u0259r u\u011furlu n\u0259tic\u0259l\u0259r qazan\u0131b. Bel\u0259 ki, GDU Az\u0259rbaycan Respublikas\u0131 Prezidenti yan\u0131nda D\u00f6vl\u0259t \u0130dar\u0259\u00e7ilik Akademiyas\u0131, UNEC, BDU v\u0259 ADNSU-d\u0259n sonra 5-ci pill\u0259d\u0259 q\u0259rarla\u015f\u0131b.<\/p>\n<p>Universitetd\u0259 apar\u0131lan elmi-t\u0259dqiqat f\u0259aliyy\u0259ti haqq\u0131nda da m\u0259lumat ver\u0259n Yusif Yusibov beyn\u0259lxalq \u0259m\u0259kda\u015fl\u0131q \u0259laq\u0259l\u0259rind\u0259n d\u0259 dan\u0131\u015f\u0131b. Bildirilib ki, ali t\u0259hsil oca\u011f\u0131n\u0131n 40-d\u0259k xarici v\u0259 respublikadaxili universitetl\u0259rl\u0259, AMEA-n\u0131n elmi-t\u0259dqiqat institutlar\u0131 il\u0259 qurulmu\u015f \u0259laq\u0259l\u0259ri beyn\u0259lxalq \u0259m\u0259kda\u015fl\u0131\u011fa v\u0259 t\u0259hsil m\u00fcbadil\u0259 proqramlar\u0131na xidm\u0259t edir. Fransa universitetl\u0259ri il\u0259 ikit\u0259r\u0259fli \u0259laq\u0259l\u0259r yarad\u0131l\u0131b, universitetin 11 t\u0259l\u0259b\u0259si Strasburq Universitetind\u0259 magistr d\u0259r\u0259c\u0259si alma\u011fa m\u00fcv\u0259ff\u0259q olub, h\u0259m\u00e7inin \u201cFrans\u0131z dili m\u00fc\u0259llimliyi\u201d ixtisas\u0131 \u00fczr\u0259 t\u0259hsil alan t\u0259l\u0259b\u0259l\u0259rin Yekun D\u00f6vl\u0259t Attestasiyas\u0131 Strasburq Universitetind\u0259n d\u0259v\u0259t edilmi\u015f m\u00fc\u0259lliml\u0259r t\u0259r\u0259find\u0259n apar\u0131l\u0131b. Fransa h\u00f6kum\u0259tinin q\u0259rar\u0131 il\u0259 frans\u0131z dili kafedras\u0131n\u0131n 3 m\u00fc\u0259llimi bu dilin t\u0259bli\u011find\u0259ki xidm\u0259tl\u0259rin\u0259 g\u00f6r\u0259 \u201cAkademik Palma\u201d (Kovaler d\u0259r\u0259c\u0259si) ordeni il\u0259 t\u0259ltif olunub.<\/p>\n<p>G\u0259nc\u0259 D\u00f6vl\u0259t Universiteti Avropa \u0130ttifaq\u0131n\u0131n \u201cTempus\u201d proqram\u0131n\u0131n \u201cTempus-CURDEUS\u201d, \u201cTempus\u2013UN\u0130V\u0130A\u201d, \u201cTempus\u2013ESF\u0130D\u0130P\u201d, \u201cErasmus+\u201d proqram\u0131n\u0131n AESOP layih\u0259l\u0259rind\u0259 f\u0259al i\u015ftirak edib, layih\u0259l\u0259rin n\u0259tic\u0259si olaraq ali t\u0259hsil oca\u011f\u0131nda \u018flil T\u0259l\u0259b\u0259l\u0259r \u00fc\u00e7\u00fcn M\u0259rk\u0259z, Avropa Ara\u015fd\u0131rmalar\u0131 M\u0259rk\u0259zi, T\u0259l\u0259b\u0259 Ombudsman M\u0259rk\u0259zi yarad\u0131l\u0131b v\u0259 T\u0259l\u0259b\u0259 Ombudsman\u0131 t\u0259yin edilib. Haz\u0131rda GDU \u0130spaniyan\u0131n Valensiya Politexnik Universitetinin koordinatoru oldu\u011fu \u201cErasmus+\u201d PETRA layih\u0259sind\u0259 i\u015ftirak edir v\u0259 bu \u00e7\u0259r\u00e7iv\u0259d\u0259 M\u00fcasir T\u0259lim M\u0259rk\u0259zi il\u0259 b\u0259rab\u0259r E-\u00d6yr\u0259nm\u0259 M\u0259rk\u0259zi d\u0259 t\u0259\u015fkil olunub. Haz\u0131rda universitet Bak\u0131 Biznes Universitetinin koordinatoru oldu\u011fu \u201cErasmus+\u201d EQAC layih\u0259sin\u0259 t\u0259r\u0259fda\u015f kimi qo\u015fulub. \u00dc\u00e7 il davam ed\u0259c\u0259k bu layih\u0259nin sonunda Keyfiyy\u0259tin T\u0259minat\u0131 M\u0259rk\u0259zinin yarad\u0131lmas\u0131 n\u0259z\u0259rd\u0259 tutulur.<\/p>\n<p>Universitetin 80 illik yubileyi m\u00fcnasib\u0259til\u0259 ali t\u0259hsil m\u00fc\u0259ssis\u0259nin kollektivini t\u0259brik ed\u0259n t\u0259hsil naziri Ceyhun Bayramov \u00f6lk\u0259d\u0259 t\u0259hsil\u0259 g\u00f6st\u0259ril\u0259n diqq\u0259t v\u0259 qay\u011f\u0131dan dan\u0131\u015f\u0131b, ali t\u0259hsil oca\u011f\u0131n\u0131n kollektivin\u0259 xo\u015f arzular\u0131n\u0131 \u00e7atd\u0131r\u0131b.<\/p>\n<p>Yubiley t\u0259dbirinin \u0259lam\u0259tdar bir ild\u0259 qeyd edildiyini dey\u0259n nazir bildirib ki, 2018-ci il Prezident \u0130lham \u018fliyevin m\u00fcvafiq S\u0259r\u0259ncam\u0131na \u0259sas\u0259n \u201cAz\u0259rbaycan Xalq C\u00fcmhuriyy\u0259ti ili\u201d elan edilib. H\u0259r iki yubiley t\u0259dbirinin aras\u0131nda r\u0259mzi ba\u011fl\u0131l\u0131\u011f\u0131n oldu\u011funu dey\u0259n Ceyhun Bayramov vur\u011fulay\u0131b ki, Az\u0259rbaycanda d\u00f6vl\u0259t\u00e7ilik \u0259n\u0259n\u0259l\u0259rinin formala\u015fd\u0131r\u0131lmas\u0131nda, xalq\u0131m\u0131z\u0131n ictimai-siyasi v\u0259 m\u0259d\u0259ni h\u0259yat\u0131nda \u00e7ox z\u0259ngin irs qoymu\u015f Az\u0259rbaycan Xalq C\u00fcmhuriyy\u0259ti f\u0259aliyy\u0259ti d\u00f6vr\u00fcnd\u0259, h\u0259m\u00e7inin t\u0259hsil sah\u0259sind\u0259 d\u0259 tarixi q\u0259rarlar q\u0259bul edib.<\/p>\n<p>Nazir Ceyhun Bayramov \u00f6t\u0259n ill\u0259rd\u0259 Prezident \u0130lham \u018fliyev t\u0259r\u0259find\u0259n t\u0259hsilin m\u00fcxt\u0259lif pill\u0259l\u0259rini \u0259hat\u0259 ed\u0259n istiqam\u0259tl\u0259r \u00fczr\u0259 m\u00fch\u00fcm d\u00f6vl\u0259t s\u0259n\u0259dl\u0259rinin q\u0259bul edildiyini v\u0259 layih\u0259l\u0259rin h\u0259yata ke\u00e7irildiyini diqq\u0259t\u0259 \u00e7atd\u0131r\u0131b.<\/p>\n<p>Sonra t\u0259hsil naziri \u201c2007-2015-ci ill\u0259rd\u0259 Az\u0259rbaycan g\u0259ncl\u0259rinin xarici \u00f6lk\u0259l\u0259rd\u0259 t\u0259hsili \u00fczr\u0259 D\u00f6vl\u0259t Proqram\u0131\u201dn\u0131n \u00f6lk\u0259mizd\u0259 milli t\u0259hsilin inki\u015faf\u0131 v\u0259 kadr potensial\u0131 il\u0259 t\u0259minat\u0131nda qazand\u0131rd\u0131\u011f\u0131 \u00fcst\u00fcnl\u00fckl\u0259rd\u0259n dan\u0131\u015f\u0131b, h\u0259m\u00e7inin \u201c2019-2023-c\u00fc ill\u0259r \u00fc\u00e7\u00fcn Az\u0259rbaycan Respublikas\u0131nda ali t\u0259hsil sisteminin beyn\u0259lxalq r\u0259qab\u0259tliliyinin art\u0131r\u0131lmas\u0131 \u00fczr\u0259 D\u00f6vl\u0259t Proqram\u0131\u201dn\u0131n icras\u0131n\u0131n respublikam\u0131zda r\u0259qab\u0259tqabiliyy\u0259tli v\u0259 dayan\u0131ql\u0131 iqtisadi inki\u015faf\u0131n t\u0259\u015fkili v\u0259 milli t\u0259hsil sisteminin y\u00fcks\u0259kixtisasl\u0131 kadrlarla t\u0259min edilm\u0259si istiqam\u0259tind\u0259 ver\u0259c\u0259yi t\u00f6hf\u0259l\u0259rd\u0259n s\u00f6z a\u00e7\u0131b.<\/p>\n<p>G\u0259nc\u0259 \u015e\u0259h\u0259r \u0130cra Hakimiyy\u0259tinin ba\u015f\u00e7\u0131s\u0131 Niyazi Bayramov \u00e7\u0131x\u0131\u015f ed\u0259r\u0259k GDU-nun 80 illik yubileyi m\u00fcnasib\u0259til\u0259 kollektiv\u0259 xo\u015f arzular\u0131n\u0131 \u00e7atd\u0131r\u0131b. Bildirib ki, \u0259sas\u0131 \u00fcmummilli lider Heyd\u0259r \u018fliyev t\u0259r\u0259find\u0259n qoyulmu\u015f t\u0259hsil islahat\u0131 Prezident \u0130lham \u018fliyevin r\u0259hb\u0259rliyi il\u0259 u\u011furla h\u0259yata ke\u00e7irilir. G\u0259nc\u0259 D\u00f6vl\u0259t Universitetinin istifad\u0259y\u0259 veril\u0259n yeni t\u0259dris korpusu d\u00f6vl\u0259timizin ba\u015f\u00e7\u0131s\u0131n\u0131n t\u0259hsilin inki\u015faf\u0131na g\u00f6st\u0259rdiyi diqq\u0259t v\u0259 qay\u011f\u0131s\u0131n\u0131n bariz n\u00fcmun\u0259sidir.<\/p>\n<p>\u201cBurada yarad\u0131lan \u015f\u0259rait t\u0259hsilin s\u0259viyy\u0259sinin m\u00fcasir Avropa standartlar\u0131na uy\u011funla\u015fd\u0131r\u0131ld\u0131\u011f\u0131n\u0131 g\u00f6st\u0259rir. F\u0259r\u0259hli hald\u0131r ki, GDU-da t\u0259hsilin inki\u015faf\u0131 onun reytinqini daha da art\u0131r\u0131b. Yaln\u0131z respublikan\u0131n q\u0259rb b\u00f6lg\u0259sind\u0259n deyil, m\u00fcxt\u0259lif rayonlardan olan y\u00fcks\u0259k bal qazanm\u0131\u015f abituriyentl\u0259rin d\u0259 G\u0259nc\u0259 D\u00f6vl\u0259t Universitetini se\u00e7m\u0259si diqq\u0259t\u0259layiqdir. \u018fsas m\u0259qs\u0259d g\u0259l\u0259c\u0259yin v\u0259t\u0259np\u0259rv\u0259r, ziyal\u0131 v\u0259t\u0259nda\u015f\u0131n\u0131, y\u00fcks\u0259k s\u0259viyy\u0259li m\u00fct\u0259x\u0259ssisini haz\u0131rlamaqd\u0131r. Odur ki, bu m\u0259qs\u0259d\u0259 \u00e7atmaq \u00fc\u00e7\u00fcn professor-m\u00fc\u0259llim hey\u0259tinin \u00fcz\u0259rin\u0259 b\u00f6y\u00fck v\u0259zif\u0259l\u0259r d\u00fc\u015f\u00fcr. \u00dcmidvar\u0131q ki, kollektiv bu i\u015fin \u00f6hd\u0259sind\u0259n layiqinc\u0259 g\u0259l\u0259 bil\u0259c\u0259k\u201d, \u2013 dey\u0259 Niyazi Bayramov qeyd edib.<\/p>\n<p>Sonra Prezident \u0130lham \u018fliyevin 2018-ci il 31 oktyabr tarixli s\u0259r\u0259ncamlar\u0131 il\u0259 t\u0259hsilin inki\u015faf\u0131ndak\u0131 xidm\u0259tl\u0259rin\u0259 g\u00f6r\u0259 G\u0259nc\u0259 D\u00f6vl\u0259t Universitetinin f\u0259xri adlarla v\u0259 \u201cT\u0259r\u0259qqi\u201d medal\u0131 il\u0259 t\u0259ltif olunan 23 \u0259m\u0259kda\u015f\u0131na d\u00f6vl\u0259t m\u00fckafatlar\u0131 t\u0259qdim olunub.<\/p>\n<p>&nbsp;<\/p>\n<p>&nbsp;<\/p>\n","protected":false},"excerpt":{"rendered":"<p>[metaslider id=5334] &nbsp; G\u0259nc\u0259 D\u00f6vl\u0259t Universitetinin 80 illik yubileyi t\u0259nt\u0259n\u0259 il\u0259 qeyd edilib Respublikam\u0131z\u0131n q\u0259rb b\u00f6lg\u0259sind\u0259 \u0259n b\u00f6y\u00fck ali t\u0259hsil m\u00fc\u0259ssis\u0259si olan G\u0259nc\u0259 D\u00f6vl\u0259t Universitetinin bu il f\u0259aliyy\u0259t\u0259 ba\u015flamas\u0131ndan 80 il ke\u00e7ir. Bu m\u00fcnasib\u0259tl\u0259 universitetd\u0259 t\u0259nt\u0259n\u0259li yubiley t\u0259dbiri t\u0259\u015fkil olunub. Yubiley t\u0259dbirind\u0259 t\u0259hsil naziri Ceyhun Bayramov, G\u0259nc\u0259 \u015e\u0259h\u0259r \u0130cra Hakimiyy\u0259tinin ba\u015f\u00e7\u0131s\u0131 Niyazi Bayramov, respublikam\u0131z\u0131n v\u0259<\/p>\n<p><a href=\"http:\/\/ftf.gdu.edu.az\/?p=5287\" class=\"more-link themebutton\">Daha \u0259trafl\u0131 <\/a><\/p>\n","protected":false},"author":3,"featured_media":5347,"comment_status":"open","ping_status":"open","sticky":false,"template":"","format":"standard","meta":{"footnotes":""},"categories":[1],"tags":[],"class_list":["post-5287","post","type-post","status-publish","format-standard","has-post-thumbnail","hentry","category-sas"],"_links":{"self":[{"href":"http:\/\/ftf.gdu.edu.az\/index.php?rest_route=\/wp\/v2\/posts\/5287"}],"collection":[{"href":"http:\/\/ftf.gdu.edu.az\/index.php?rest_route=\/wp\/v2\/posts"}],"about":[{"href":"http:\/\/ftf.gdu.edu.az\/index.php?rest_route=\/wp\/v2\/types\/post"}],"author":[{"embeddable":true,"href":"http:\/\/ftf.gdu.edu.az\/index.php?rest_route=\/wp\/v2\/users\/3"}],"replies":[{"embeddable":true,"href":"http:\/\/ftf.gdu.edu.az\/index.php?rest_route=%2Fwp%2Fv2%2Fcomments&post=5287"}],"version-history":[{"count":2,"href":"http:\/\/ftf.gdu.edu.az\/index.php?rest_route=\/wp\/v2\/posts\/5287\/revisions"}],"predecessor-version":[{"id":5361,"href":"http:\/\/ftf.gdu.edu.az\/index.php?rest_route=\/wp\/v2\/posts\/5287\/revisions\/5361"}],"wp:featuredmedia":[{"embeddable":true,"href":"http:\/\/ftf.gdu.edu.az\/index.php?rest_route=\/wp\/v2\/media\/5347"}],"wp:attachment":[{"href":"http:\/\/ftf.gdu.edu.az\/index.php?rest_route=%2Fwp%2Fv2%2Fmedia&parent=5287"}],"wp:term":[{"taxonomy":"category","embeddable":true,"href":"http:\/\/ftf.gdu.edu.az\/index.php?rest_route=%2Fwp%2Fv2%2Fcategories&post=5287"},{"taxonomy":"post_tag","embeddable":true,"href":"http:\/\/ftf.gdu.edu.az\/index.php?rest_route=%2Fwp%2Fv2%2Ftags&post=5287"}],"curies":[{"name":"wp","href":"https:\/\/api.w.org\/{rel}","templated":true}]}}