{"id":6753,"date":"2019-10-03T11:58:57","date_gmt":"2019-10-03T09:58:57","guid":{"rendered":"http:\/\/ftf.gdu.edu.az\/?p=6753"},"modified":"2019-10-03T12:59:24","modified_gmt":"2019-10-03T10:59:24","slug":"5-oktyabr-mu%c9%99llim-gunu-fakult%c9%99nin-kafedralarinda-qeyd-edildi","status":"publish","type":"post","link":"http:\/\/ftf.gdu.edu.az\/?p=6753","title":{"rendered":"&#8220;5 OKTYABR- M\u00dc\u018fLL\u0130M G\u00dcN\u00dc&#8221; FAK\u00dcLT\u018fN\u0130N  KAFEDRALARINDA QEYD ED\u0130LD\u0130."},"content":{"rendered":"<p>[metaslider id=6755]<\/p>\n<p><strong>5 OKTYABR- M\u00dc\u018fLL\u0130M G\u00dcN\u00dc<\/strong><\/p>\n<p>Bu g\u00fcn\u00a0 3 oktyabr 2019- cu il tarixd\u0259 GDU-nun Fizika v\u0259 texniki f\u0259nl\u0259r fak\u00fclt\u0259sinin dekan\u0131, professor\u00a0 Mu\u011fan Quliyev &#8220;5 oktyabr-M\u00fc\u0259llim g\u00fcn\u00fc&#8221; m\u00fcnasib\u0259ti il\u0259\u00a0 fak\u00fclt\u0259nini b\u00fct\u00fcn kafedra m\u00fc\u0259lliml\u0259rini v\u0259 t\u0259dris k\u00f6m\u0259k\u00e7i hey\u0259tini t\u0259brik etdi.\u00a0 Kafedra \u0259m\u0259kda\u015flar\u0131na i\u015fl\u0259rind\u0259 m\u00fcv\u0259ff\u0259qiyy\u0259tl\u0259r v\u0259 u\u011furlar arzulad\u0131.<\/p>\n<p>5 oktyabr Beyn\u0259lxalq m\u00fc\u0259lliml\u0259r g\u00fcn\u00fcd\u00fcr. M\u00fc\u0259lliml\u0259r g\u00fcn\u00fc YUNESKO \u2013 nun q\u0259rar\u0131 il\u0259 1966 \u2013 c\u0131 ild\u0259n bayram olunur.<\/p>\n<p>\u00d6lk\u0259mizd\u0259 m\u00fc\u0259lliml\u0259r g\u00fcn\u00fc 1993 &#8211; c\u00fc ild\u0259n qeyd edilm\u0259y\u0259 ba\u015flan\u0131b. Beyn\u0259lxalq m\u00fc\u0259lliml\u0259r g\u00fcn\u00fc h\u0259yat\u0131n\u0131 xalq\u0131n i\u015f\u0131ql\u0131 g\u0259l\u0259c\u0259yin\u0259 h\u0259sr ed\u0259n m\u00fcq\u0259dd\u0259s pe\u015f\u0259 sahibl\u0259rinin bayram\u0131d\u0131r. H\u0259r birimizd\u0259 m\u00fc\u0259llimin h\u0259rar\u0259tli q\u0259lbind\u0259 bir z\u0259rr\u0259ciyi var.<\/p>\n<p>Az\u0259rbaycan\u0131n b\u00f6y\u00fck m\u00fc\u0259llim ordusu var v\u0259 onlar Respublikam\u0131z\u0131n intellektual potensial\u0131n\u0131n g\u00fccl\u0259ndirilm\u0259si yolunda f\u0259aliyy\u0259t g\u00f6st\u0259rirl\u0259r.<\/p>\n<p>Onu da qeyd etm\u0259k ist\u0259yir\u0259m ki, \u00dcmummilli liderimiz Heyd\u0259r \u018fliyev s\u00f6yl\u0259mi\u015fdir: \u201cM\u0259n yer \u00fcz\u00fcnd\u0259 m\u00fc\u0259llimd\u0259n y\u00fcks\u0259k ad tan\u0131m\u0131ram\u201d<\/p>\n<p>BAYRAMINIZ M\u00dcBAR\u018fK!<\/p>\n","protected":false},"excerpt":{"rendered":"<p>[metaslider id=6755] 5 OKTYABR- M\u00dc\u018fLL\u0130M G\u00dcN\u00dc Bu g\u00fcn\u00a0 3 oktyabr 2019- cu il tarixd\u0259 GDU-nun Fizika v\u0259 texniki f\u0259nl\u0259r fak\u00fclt\u0259sinin dekan\u0131, professor\u00a0 Mu\u011fan Quliyev &#8220;5 oktyabr-M\u00fc\u0259llim g\u00fcn\u00fc&#8221; m\u00fcnasib\u0259ti il\u0259\u00a0 fak\u00fclt\u0259nini b\u00fct\u00fcn kafedra m\u00fc\u0259lliml\u0259rini v\u0259 t\u0259dris k\u00f6m\u0259k\u00e7i hey\u0259tini t\u0259brik etdi.\u00a0 Kafedra \u0259m\u0259kda\u015flar\u0131na i\u015fl\u0259rind\u0259 m\u00fcv\u0259ff\u0259qiyy\u0259tl\u0259r v\u0259 u\u011furlar arzulad\u0131. 5 oktyabr Beyn\u0259lxalq m\u00fc\u0259lliml\u0259r g\u00fcn\u00fcd\u00fcr. M\u00fc\u0259lliml\u0259r g\u00fcn\u00fc YUNESKO \u2013<\/p>\n<p><a href=\"http:\/\/ftf.gdu.edu.az\/?p=6753\" class=\"more-link themebutton\">Daha \u0259trafl\u0131 <\/a><\/p>\n","protected":false},"author":3,"featured_media":0,"comment_status":"closed","ping_status":"open","sticky":false,"template":"","format":"standard","meta":{"footnotes":""},"categories":[1],"tags":[],"class_list":["post-6753","post","type-post","status-publish","format-standard","hentry","category-sas"],"_links":{"self":[{"href":"http:\/\/ftf.gdu.edu.az\/index.php?rest_route=\/wp\/v2\/posts\/6753"}],"collection":[{"href":"http:\/\/ftf.gdu.edu.az\/index.php?rest_route=\/wp\/v2\/posts"}],"about":[{"href":"http:\/\/ftf.gdu.edu.az\/index.php?rest_route=\/wp\/v2\/types\/post"}],"author":[{"embeddable":true,"href":"http:\/\/ftf.gdu.edu.az\/index.php?rest_route=\/wp\/v2\/users\/3"}],"replies":[{"embeddable":true,"href":"http:\/\/ftf.gdu.edu.az\/index.php?rest_route=%2Fwp%2Fv2%2Fcomments&post=6753"}],"version-history":[{"count":2,"href":"http:\/\/ftf.gdu.edu.az\/index.php?rest_route=\/wp\/v2\/posts\/6753\/revisions"}],"predecessor-version":[{"id":6773,"href":"http:\/\/ftf.gdu.edu.az\/index.php?rest_route=\/wp\/v2\/posts\/6753\/revisions\/6773"}],"wp:attachment":[{"href":"http:\/\/ftf.gdu.edu.az\/index.php?rest_route=%2Fwp%2Fv2%2Fmedia&parent=6753"}],"wp:term":[{"taxonomy":"category","embeddable":true,"href":"http:\/\/ftf.gdu.edu.az\/index.php?rest_route=%2Fwp%2Fv2%2Fcategories&post=6753"},{"taxonomy":"post_tag","embeddable":true,"href":"http:\/\/ftf.gdu.edu.az\/index.php?rest_route=%2Fwp%2Fv2%2Ftags&post=6753"}],"curies":[{"name":"wp","href":"https:\/\/api.w.org\/{rel}","templated":true}]}}