{"id":6775,"date":"2019-10-04T15:51:45","date_gmt":"2019-10-04T13:51:45","guid":{"rendered":"http:\/\/ftf.gdu.edu.az\/?p=6775"},"modified":"2019-10-04T16:10:02","modified_gmt":"2019-10-04T14:10:02","slug":"universitetin-ii-t%c9%99dris-binasinda-5-oktyabr-mu%c9%99llim-gunu-n%c9%99-h%c9%99sr-edilmis-edilmis-t%c9%99dbir-kecirildi","status":"publish","type":"post","link":"http:\/\/ftf.gdu.edu.az\/?p=6775","title":{"rendered":"Universitetin II t\u0259dris binas\u0131nda &#8220;5 oktyabr- M\u00fc\u0259llim g\u00fcn\u00fc&#8221; n\u0259 h\u0259sr edilmi\u015f  t\u0259dbir ke\u00e7irildi."},"content":{"rendered":"<p><strong>[metaslider id=6756]<\/strong><\/p>\n<p>&nbsp;<\/p>\n<p>Bu g\u00fcn 4 oktyabr 2019 \u2013cu il tarixd\u0259 G\u0259nc\u0259 D\u00f6vl\u0259t Universitetinin II t\u0259dris binas\u0131n\u0131n akt zal\u0131nda t\u0259dbir ke\u00e7irildi.<\/p>\n<p>T\u0259dbir \u201c5 oktyabr \u2013 m\u00fc\u0259llium\u00a0 G\u00fcn\u00fc \u201d n\u0259 h\u0259sr edilmi\u015fdir.<\/p>\n<p>Bayram t\u0259dbirind\u0259 G\u0259nc\u0259 D\u00f6vl\u0259t Universitetenin professor \u2013 m\u00fc\u0259llim v\u0259 t\u0259dris k\u00f6m\u0259k\u00e7i hey\u0259ti i\u015ftirak edirdi. Giri\u015f s\u00f6z\u00fc il\u0259 rektor prof. Yusif Yusibov \u201c5 oktyabr \u2013 M\u00fc\u0259llim g\u00fcn\u00fc\u201d m\u00fcnasib\u0259ti il\u0259 professor &#8211; m\u00fc\u0259llim v\u0259 t\u0259dris k\u00f6m\u0259k\u00e7i hey\u0259tini t\u0259brik etdi. Respublikam\u0131zda m\u00fc\u0259llim \u0259m\u0259yin\u0259 veril\u0259n y\u00fcks\u0259k diqq\u0259t\u00a0 v\u0259 qay\u011f\u0131dan dan\u0131\u015fd\u0131.<\/p>\n<p>T\u0259dbird\u0259 bir \u2013 birind\u0259n maraql\u0131 musiqi n\u00f6mr\u0259l\u0259ri t\u0259qdim edildi.<\/p>\n<p>BAYRAMINIZ M\u00dcBAR\u018fK!<\/p>\n<p>&nbsp;<\/p>\n<p>&nbsp;<\/p>\n","protected":false},"excerpt":{"rendered":"<p>[metaslider id=6756] &nbsp; Bu g\u00fcn 4 oktyabr 2019 \u2013cu il tarixd\u0259 G\u0259nc\u0259 D\u00f6vl\u0259t Universitetinin II t\u0259dris binas\u0131n\u0131n akt zal\u0131nda t\u0259dbir ke\u00e7irildi. T\u0259dbir \u201c5 oktyabr \u2013 m\u00fc\u0259llium\u00a0 G\u00fcn\u00fc \u201d n\u0259 h\u0259sr edilmi\u015fdir. Bayram t\u0259dbirind\u0259 G\u0259nc\u0259 D\u00f6vl\u0259t Universitetenin professor \u2013 m\u00fc\u0259llim v\u0259 t\u0259dris k\u00f6m\u0259k\u00e7i hey\u0259ti i\u015ftirak edirdi. Giri\u015f s\u00f6z\u00fc il\u0259 rektor prof. Yusif Yusibov \u201c5 oktyabr \u2013<\/p>\n<p><a href=\"http:\/\/ftf.gdu.edu.az\/?p=6775\" class=\"more-link themebutton\">Daha \u0259trafl\u0131 <\/a><\/p>\n","protected":false},"author":3,"featured_media":6779,"comment_status":"closed","ping_status":"open","sticky":false,"template":"","format":"standard","meta":{"footnotes":""},"categories":[1],"tags":[],"class_list":["post-6775","post","type-post","status-publish","format-standard","has-post-thumbnail","hentry","category-sas"],"_links":{"self":[{"href":"http:\/\/ftf.gdu.edu.az\/index.php?rest_route=\/wp\/v2\/posts\/6775"}],"collection":[{"href":"http:\/\/ftf.gdu.edu.az\/index.php?rest_route=\/wp\/v2\/posts"}],"about":[{"href":"http:\/\/ftf.gdu.edu.az\/index.php?rest_route=\/wp\/v2\/types\/post"}],"author":[{"embeddable":true,"href":"http:\/\/ftf.gdu.edu.az\/index.php?rest_route=\/wp\/v2\/users\/3"}],"replies":[{"embeddable":true,"href":"http:\/\/ftf.gdu.edu.az\/index.php?rest_route=%2Fwp%2Fv2%2Fcomments&post=6775"}],"version-history":[{"count":3,"href":"http:\/\/ftf.gdu.edu.az\/index.php?rest_route=\/wp\/v2\/posts\/6775\/revisions"}],"predecessor-version":[{"id":6802,"href":"http:\/\/ftf.gdu.edu.az\/index.php?rest_route=\/wp\/v2\/posts\/6775\/revisions\/6802"}],"wp:featuredmedia":[{"embeddable":true,"href":"http:\/\/ftf.gdu.edu.az\/index.php?rest_route=\/wp\/v2\/media\/6779"}],"wp:attachment":[{"href":"http:\/\/ftf.gdu.edu.az\/index.php?rest_route=%2Fwp%2Fv2%2Fmedia&parent=6775"}],"wp:term":[{"taxonomy":"category","embeddable":true,"href":"http:\/\/ftf.gdu.edu.az\/index.php?rest_route=%2Fwp%2Fv2%2Fcategories&post=6775"},{"taxonomy":"post_tag","embeddable":true,"href":"http:\/\/ftf.gdu.edu.az\/index.php?rest_route=%2Fwp%2Fv2%2Ftags&post=6775"}],"curies":[{"name":"wp","href":"https:\/\/api.w.org\/{rel}","templated":true}]}}