{"id":6838,"date":"2019-10-09T17:08:44","date_gmt":"2019-10-09T15:08:44","guid":{"rendered":"http:\/\/ftf.gdu.edu.az\/?p=6838"},"modified":"2019-10-10T10:43:34","modified_gmt":"2019-10-10T08:43:34","slug":"09-oktyabr-2019-cu-il-tarixd%c9%99-fizika-kafedrasinin-mu%c9%99llimi-m%c9%99mm%c9%99dzad%c9%99-af%c9%99t-c%c9%99lal-qizinin-aciq-d%c9%99rsi-kecirildi","status":"publish","type":"post","link":"http:\/\/ftf.gdu.edu.az\/?p=6838","title":{"rendered":"09 oktyabr 2019 \u2013 cu il tarixd\u0259 Fizika kafedras\u0131n\u0131n m\u00fc\u0259llimi M\u0259mm\u0259dzad\u0259 Af\u0259t C\u0259lal q\u0131z\u0131n\u0131n a\u00e7\u0131q d\u0259rsi ke\u00e7irildi."},"content":{"rendered":"<p><strong>[metaslider id=6841]<\/strong><\/p>\n<p><strong>09 oktyabr 2019 \u2013 cu il tarixd\u0259 Fizika kafedras\u0131n\u0131n m\u00fc\u0259llimi M\u0259mm\u0259dzad\u0259 Af\u0259t C\u0259lal q\u0131z\u0131n\u0131n a\u00e7\u0131q d\u0259rsi ke\u00e7irildi.<\/strong><\/p>\n<p>O9 oktyabr 2019-cu il tarixd\u0259 Fizika v\u0259 texniki f\u0259nl\u0259r fak\u00fclt\u0259sind\u0259 Fizika kafedras\u0131n\u0131n m\u00fc\u0259llimi M\u0259mm\u0259dzad\u0259 Af\u0259t C\u0259lal q\u0131z\u0131n\u0131n IV kurs \u201cFizika m\u00fc\u0259llimliyi\u201d ixtisas\u0131nda \u00a0\u201cFizikan\u0131n t\u0259drisind\u0259 qar\u015f\u0131ya \u00e7\u0131xan probleml\u0259r\u201d f\u0259nnind\u0259n \u201cMayel\u0259rin s\u0259thi g\u0259rilm\u0259sinin izah\u0131 zaman\u0131 qar\u015f\u0131ya \u00e7\u0131xan probleml\u0259r\u201d v\u0259 onlar\u0131n h\u0259lli yollar\u0131 m\u00f6vzusunda a\u00e7\u0131q d\u0259rsi ke\u00e7irilmi\u015fdir. A\u00e7\u0131q d\u0259rsd\u0259 Fizika kafedras\u0131n\u0131n m\u00fcdiri,\u00a0 Fak\u00fclt\u0259 t\u0259dris metodiki \u015furas\u0131n\u0131n s\u0259dri dos.N.\u0130.Quliyev, GDU rektorunun n\u00fcmay\u0259nd\u0259si dos.E.M.Cavadov v\u0259\u00a0 Fizika kafedras\u0131n\u0131n 12 n\u0259f\u0259r professor \u2013 m\u00fc\u0259llim hey\u0259ti\u00a0 \u00fczvl\u0259ri i\u015ftirak edirdil\u0259r.<\/p>\n<p>M\u00fc\u0259llim A.C.M\u0259mm\u0259dzad\u0259\u00a0 kafedrada ilk d\u0259f\u0259 f\u0259aliyy\u0259t\u0259 ba\u015flanmas\u0131na baxmayaraq qar\u015f\u0131s\u0131na qoydu\u011fu m\u0259qs\u0259d\u0259 bacar\u0131qla nail oldu. O, \u0259yani vasit\u0259l\u0259rd\u0259n\u00a0 istifad\u0259 etm\u0259kl\u0259 m\u00f6vzunu h\u0259rt\u0259r\u0259fli izah etdi.\u00a0 M\u00f6vzunun izah\u0131 zaman\u0131 f\u0259al interaktiv t\u0259lim metodlar\u0131ndan\u00a0 istifad\u0259 etm\u0259kl\u0259 t\u0259l\u0259b\u0259l\u0259ri f\u0259al sur\u0259td\u0259 m\u00f6vzunun izah\u0131na c\u0259lb edirdi.<\/p>\n<p>A\u00e7\u0131q d\u0259rsin sonunda t\u0259l\u0259b\u0259l\u0259rin i\u015ftirak\u0131 il\u0259 m\u00fczakir\u0259 ke\u00e7irildi v\u0259 a\u00e7\u0131q d\u0259rs 23 balla \u201cyax\u015f\u0131\u201d qiym\u0259tl\u0259ndirildi.<\/p>\n","protected":false},"excerpt":{"rendered":"<p>[metaslider id=6841] 09 oktyabr 2019 \u2013 cu il tarixd\u0259 Fizika kafedras\u0131n\u0131n m\u00fc\u0259llimi M\u0259mm\u0259dzad\u0259 Af\u0259t C\u0259lal q\u0131z\u0131n\u0131n a\u00e7\u0131q d\u0259rsi ke\u00e7irildi. O9 oktyabr 2019-cu il tarixd\u0259 Fizika v\u0259 texniki f\u0259nl\u0259r fak\u00fclt\u0259sind\u0259 Fizika kafedras\u0131n\u0131n m\u00fc\u0259llimi M\u0259mm\u0259dzad\u0259 Af\u0259t C\u0259lal q\u0131z\u0131n\u0131n IV kurs \u201cFizika m\u00fc\u0259llimliyi\u201d ixtisas\u0131nda \u00a0\u201cFizikan\u0131n t\u0259drisind\u0259 qar\u015f\u0131ya \u00e7\u0131xan probleml\u0259r\u201d f\u0259nnind\u0259n \u201cMayel\u0259rin s\u0259thi g\u0259rilm\u0259sinin izah\u0131 zaman\u0131 qar\u015f\u0131ya \u00e7\u0131xan probleml\u0259r\u201d<\/p>\n<p><a href=\"http:\/\/ftf.gdu.edu.az\/?p=6838\" class=\"more-link themebutton\">Daha \u0259trafl\u0131 <\/a><\/p>\n","protected":false},"author":3,"featured_media":6849,"comment_status":"closed","ping_status":"open","sticky":false,"template":"","format":"standard","meta":{"footnotes":""},"categories":[1],"tags":[],"class_list":["post-6838","post","type-post","status-publish","format-standard","has-post-thumbnail","hentry","category-sas"],"_links":{"self":[{"href":"http:\/\/ftf.gdu.edu.az\/index.php?rest_route=\/wp\/v2\/posts\/6838"}],"collection":[{"href":"http:\/\/ftf.gdu.edu.az\/index.php?rest_route=\/wp\/v2\/posts"}],"about":[{"href":"http:\/\/ftf.gdu.edu.az\/index.php?rest_route=\/wp\/v2\/types\/post"}],"author":[{"embeddable":true,"href":"http:\/\/ftf.gdu.edu.az\/index.php?rest_route=\/wp\/v2\/users\/3"}],"replies":[{"embeddable":true,"href":"http:\/\/ftf.gdu.edu.az\/index.php?rest_route=%2Fwp%2Fv2%2Fcomments&post=6838"}],"version-history":[{"count":2,"href":"http:\/\/ftf.gdu.edu.az\/index.php?rest_route=\/wp\/v2\/posts\/6838\/revisions"}],"predecessor-version":[{"id":6862,"href":"http:\/\/ftf.gdu.edu.az\/index.php?rest_route=\/wp\/v2\/posts\/6838\/revisions\/6862"}],"wp:featuredmedia":[{"embeddable":true,"href":"http:\/\/ftf.gdu.edu.az\/index.php?rest_route=\/wp\/v2\/media\/6849"}],"wp:attachment":[{"href":"http:\/\/ftf.gdu.edu.az\/index.php?rest_route=%2Fwp%2Fv2%2Fmedia&parent=6838"}],"wp:term":[{"taxonomy":"category","embeddable":true,"href":"http:\/\/ftf.gdu.edu.az\/index.php?rest_route=%2Fwp%2Fv2%2Fcategories&post=6838"},{"taxonomy":"post_tag","embeddable":true,"href":"http:\/\/ftf.gdu.edu.az\/index.php?rest_route=%2Fwp%2Fv2%2Ftags&post=6838"}],"curies":[{"name":"wp","href":"https:\/\/api.w.org\/{rel}","templated":true}]}}