{"id":6939,"date":"2019-10-17T17:21:12","date_gmt":"2019-10-17T15:21:12","guid":{"rendered":"http:\/\/ftf.gdu.edu.az\/?p=6939"},"modified":"2019-11-20T12:27:26","modified_gmt":"2019-11-20T10:27:26","slug":"17-10-2019-cu-il-tarixd%c9%99-fizika-kafedrasinin-bas-mu%c9%99llimi-imanova-sevinc-ramazan-qizinin-aciq-d%c9%99rsi-kecirildi","status":"publish","type":"post","link":"http:\/\/ftf.gdu.edu.az\/?p=6939","title":{"rendered":"17.10.2019-cu il tarixd\u0259 Fizika kafedras\u0131n\u0131n ba\u015f m\u00fc\u0259llimi \u0130manova Sevinc Ramazan q\u0131z\u0131n\u0131n a\u00e7\u0131q d\u0259rsi ke\u00e7irildi."},"content":{"rendered":"\n<p><\/p>\n\n\n\n<p>17 oktyabr 2019 \u2013 cu il\ntarixd\u0259 Fizika v\u0259 texniki f\u0259nl\u0259r fak\u00fclt\u0259sinin III kurs fizika m\u00fc\u0259llimliyi\nixtisas\u0131nda Fizika kafedras\u0131n\u0131n&nbsp; ba\u015f m\u00fc\u0259llimi\n\u0130manova Sevinc Ramazan q\u0131z\u0131n\u0131n \u201cAstronomiya\u201d f\u0259nnind\u0259n&nbsp; \u201cAstronomiyada zaman vahidi. &nbsp;Vaxt hesablama sisteml\u0259ri\u201d m\u00f6vzusunda a\u00e7\u0131q d\u0259rs&nbsp; ke\u00e7irilmi\u015fdir. <\/p>\n\n\n\n<p>A\u00e7\u0131q d\u0259rsd\u0259 Fizika\nkafedras\u0131n\u0131n m\u00fcdiri dos.N.Quliyev, GDU \u2013nun a\u00e7\u0131q d\u0259rsl\u0259rin ke\u00e7irilm\u0259sin\u0259 n\u0259zar\u0259t\nkomissiyas\u0131n\u0131n \u00fczv\u00fc dos.Y.Namazov, kafedran\u0131n professor \u2013 m\u00fc\u0259llim hey\u0259ti \u00fczvl\u0259rind\u0259n\n12 n\u0259f\u0259ri i\u015ftirak edirdil\u0259r.<\/p>\n\n\n\n<p>b\/m. Sevinc \u0130manova t\u0259l\u0259b\u0259l\u0259r\u0259\na\u00e7\u0131q d\u0259rsin ke\u00e7irilm\u0259si&nbsp; a\u00e7\u0131q d\u0259rsd\u0259\ni\u015ftirak ed\u0259nl\u0259r bar\u0259d\u0259 t\u0259l\u0259b\u0259l\u0259r\u0259 m\u0259lumat&nbsp;\nverdikd\u0259n sonra, \u0259vv\u0259lki m\u00f6vzu bar\u0259d\u0259 t\u0259l\u0259b\u0259l\u0259ri c\u0259lb etm\u0259kl\u0259 m\u0259lumat\nverdi v\u0259 bu zaman t\u0259l\u0259b\u0259l\u0259rin f\u0259rdi x\u00fcsusiyy\u0259tl\u0259rini&nbsp; n\u0259z\u0259r\u0259 alaraq suallar verir v\u0259 suallar t\u0259l\u0259b\u0259l\u0259rin\nt\u0259f\u0259kk\u00fcr\u00fcn\u00fcn inki\u015faf\u0131na y\u00f6n\u0259ldilirdi.<\/p>\n\n\n\n<p>Daha sonra S.\u0130manova\nkomp\u00fcter texnikas\u0131ndan \u0259yani vasit\u0259l\u0259rd\u0259n istifad\u0259 etm\u0259kl\u0259 yeni m\u00f6vzunun\nizah\u0131na ba\u015flad\u0131. M\u00f6vzunun izah\u0131 zaman\u0131&nbsp;\nS.\u0130manovan\u0131n y\u00fcks\u0259k biliy\u0259, t\u0259cr\u00fcb\u0259y\u0259, etikaya malik oldu\u011fu hiss\nedilirdi. B\/m. S.\u0130manova m\u00f6vzunun \u0259trafl\u0131 izah\u0131n\u0131 verdi v\u0259 qar\u015f\u0131ya qoydu\u011fu m\u0259qs\u0259d\u0259\nnail oldu.<\/p>\n\n\n\n<p>A\u00e7\u0131q d\u0259rsin sonunda t\u0259l\u0259b\u0259l\u0259rin\ni\u015ftirak\u0131 il\u0259 m\u00fczakir\u0259 ke\u00e7irildi v\u0259 a\u00e7\u0131q d\u0259rs 30 balla \u201c\u0259la\u201d qiym\u0259tl\u0259ndirildi.<\/p>\n","protected":false},"excerpt":{"rendered":"<p>17 oktyabr 2019 \u2013 cu il tarixd\u0259 Fizika v\u0259 texniki f\u0259nl\u0259r fak\u00fclt\u0259sinin III kurs fizika m\u00fc\u0259llimliyi ixtisas\u0131nda Fizika kafedras\u0131n\u0131n&nbsp; ba\u015f m\u00fc\u0259llimi \u0130manova Sevinc Ramazan q\u0131z\u0131n\u0131n \u201cAstronomiya\u201d f\u0259nnind\u0259n&nbsp; \u201cAstronomiyada zaman vahidi. &nbsp;Vaxt hesablama sisteml\u0259ri\u201d m\u00f6vzusunda a\u00e7\u0131q d\u0259rs&nbsp; ke\u00e7irilmi\u015fdir. A\u00e7\u0131q d\u0259rsd\u0259 Fizika kafedras\u0131n\u0131n m\u00fcdiri dos.N.Quliyev, GDU \u2013nun a\u00e7\u0131q d\u0259rsl\u0259rin ke\u00e7irilm\u0259sin\u0259 n\u0259zar\u0259t komissiyas\u0131n\u0131n \u00fczv\u00fc dos.Y.Namazov, kafedran\u0131n professor \u2013<\/p>\n<p><a href=\"http:\/\/ftf.gdu.edu.az\/?p=6939\" class=\"more-link themebutton\">Daha \u0259trafl\u0131 <\/a><\/p>\n","protected":false},"author":3,"featured_media":0,"comment_status":"closed","ping_status":"open","sticky":false,"template":"","format":"standard","meta":{"footnotes":""},"categories":[1],"tags":[],"class_list":["post-6939","post","type-post","status-publish","format-standard","hentry","category-sas"],"_links":{"self":[{"href":"http:\/\/ftf.gdu.edu.az\/index.php?rest_route=\/wp\/v2\/posts\/6939"}],"collection":[{"href":"http:\/\/ftf.gdu.edu.az\/index.php?rest_route=\/wp\/v2\/posts"}],"about":[{"href":"http:\/\/ftf.gdu.edu.az\/index.php?rest_route=\/wp\/v2\/types\/post"}],"author":[{"embeddable":true,"href":"http:\/\/ftf.gdu.edu.az\/index.php?rest_route=\/wp\/v2\/users\/3"}],"replies":[{"embeddable":true,"href":"http:\/\/ftf.gdu.edu.az\/index.php?rest_route=%2Fwp%2Fv2%2Fcomments&post=6939"}],"version-history":[{"count":1,"href":"http:\/\/ftf.gdu.edu.az\/index.php?rest_route=\/wp\/v2\/posts\/6939\/revisions"}],"predecessor-version":[{"id":6940,"href":"http:\/\/ftf.gdu.edu.az\/index.php?rest_route=\/wp\/v2\/posts\/6939\/revisions\/6940"}],"wp:attachment":[{"href":"http:\/\/ftf.gdu.edu.az\/index.php?rest_route=%2Fwp%2Fv2%2Fmedia&parent=6939"}],"wp:term":[{"taxonomy":"category","embeddable":true,"href":"http:\/\/ftf.gdu.edu.az\/index.php?rest_route=%2Fwp%2Fv2%2Fcategories&post=6939"},{"taxonomy":"post_tag","embeddable":true,"href":"http:\/\/ftf.gdu.edu.az\/index.php?rest_route=%2Fwp%2Fv2%2Ftags&post=6939"}],"curies":[{"name":"wp","href":"https:\/\/api.w.org\/{rel}","templated":true}]}}