{"id":6978,"date":"2019-11-23T16:30:00","date_gmt":"2019-11-23T14:30:00","guid":{"rendered":"http:\/\/ftf.gdu.edu.az\/?p=6978"},"modified":"2019-11-29T08:58:10","modified_gmt":"2019-11-29T06:58:10","slug":"fizika-kafedrasinda-maraqli-seminar-movzu-ag-v%c9%99-qara-d%c9%99likl%c9%99r","status":"publish","type":"post","link":"http:\/\/ftf.gdu.edu.az\/?p=6978","title":{"rendered":"Fizika kafedras\u0131nda maraql\u0131 seminar. M\u00f6vzu \u201cQara  v\u0259 a\u011f d\u0259likl\u0259r\u201d"},"content":{"rendered":"\n<p><\/p>\n\n\n\n<p><\/p>\n\n\n\n<p>22 noyabr 2019 \u2013cu il tarixd\u0259\u00a0 Fizika v\u0259 texniki f\u0259nl\u0259r fak\u00fclt\u0259sind\u0259\u00a0 Fizika kafedras\u0131n\u0131n n\u00f6vb\u0259ti elmi seminar\u0131 ke\u00e7irilmi\u015fdir. Elmi seminarda lafedran\u0131n dosenti\u00a0 fizika \u00fczr\u0259 f\u0259ls\u0259f\u0259 doktoru\u00a0 Rizvan M\u0259h\u0259mm\u0259d\u0259li\u00a0 o\u011flu \u0130manov\u00a0 \u201cQara v\u0259 a\u011f d\u0259liklil\u0259r\u201d adl\u0131\u00a0 elmi populyar m\u00f6vzuda \u00e7\u0131x\u0131\u015f etmi\u015fdir.\u00a0 Elmi seminarda\u00a0 Fizika kafedras\u0131n\u0131n\u00a0 professor \u2013m\u00fc\u0259llim\u00a0 hey\u0259ti \u00fczvl\u0259rind\u0259 25 n\u0259f\u0259ri, fizika m\u00fc\u0259llimliyi ixtisas\u0131n\u0131n I, II, III kurs t\u0259l\u0259b\u0259l\u0259ri i\u015ftirak edirdil\u0259r.<\/p>\n\n\n\n<p>Dos.R.M.\u0130manov \u0259yani vasit\u0259l\u0259rd\u0259n, kompyuter,\ntexnikas\u0131ndan istifad\u0259 etm\u0259kl\u0259 qara v\u0259 a\u011f&nbsp;\nd\u0259likl\u0259rin fiziki m\u0259nas\u0131n\u0131 izah etdi. O, qeyd etdi, d\u0259lik, a\u011flas\u0131\u011fmaz d\u0259r\u0259c\u0259d\u0259\nb\u00f6y\u00fck s\u0131xl\u0131\u011fa v\u0259 \u00e7ox g\u00fccl\u00fc qravitasiya sah\u0259sin\u0259 malik el\u0259 bir&nbsp; obyektdir ki, h\u0259tta&nbsp; i\u015f\u0131q fotonlar\u0131&nbsp; da oradan \u00e7\u0131xa bilmirl\u0259r.<\/p>\n\n\n\n<p>&nbsp;A\u011f d\u0259likl\u0259r,\nbizim&nbsp; kainat\u0131n&nbsp; qara d\u0259likl\u0259rin \u0259ksin\u0259 olan n\u0259z\u0259ri obyektl\u0259ridir.\n\u018fg\u0259r a\u011f d\u0259likd\u0259n he\u00e7 n\u0259 \u00e7\u0131xa&nbsp; bilm\u0259diyi&nbsp; halda, a\u011f d\u0259liy\u0259 he\u00e7 n\u0259&nbsp; d\u00fc\u015f\u0259&nbsp;\nbilm\u0259z, yox \u0259g\u0259r&nbsp; ora n\u0259s\u0259 d\u00fc\u015f\u0259rs\u0259,\n&nbsp;m\u0259s\u0259l\u0259n,&nbsp;\nhidrogen&nbsp; atomu onda a\u011f d\u0259lik&nbsp; partlayar&nbsp;\nv\u0259 m\u00f6vcudlu\u011funu itir\u0259r.<\/p>\n\n\n\n<p>Daha sonra R.M.\u0130manov&nbsp; qara v\u0259 a\u011f d\u0259likl\u0259r haqq\u0131nda maraql\u0131\nvideo\u00e7arx n\u00fcmayi\u015f etdirdi v\u0259&nbsp; h\u0259r bir\ng\u00f6r\u00fcnt\u00fc \u00fczr\u0259 \u0259trafl\u0131&nbsp; m\u0259lumat&nbsp; verdi.<\/p>\n\n\n\n<p>Dos.R.M.\u0130manovun&nbsp;\n\u00e7\u0131x\u0131\u015f\u0131ndan&nbsp; sonra m\u00fczakir\u0259l\u0259r v\u0259 \u00e7\u0131x\u0131\u015flar\nba\u015flad\u0131. M\u00fczakir\u0259l\u0259rd\u0259&nbsp; kafedran\u0131n&nbsp;&nbsp; m\u00fcdiri dos.N.\u0130.Quliyev v\u0259&nbsp; dosentl\u0259r Y.B.Namazov, S.P.\u0130sg\u0259nd\u0259rova,\nR.K.H\u00fcseynov, b\/m.S.M.Abdullayev, b\/m.S.R.\u0130manova i\u015ftirak&nbsp; etdil\u0259r.&nbsp;\nM\u00fczakir\u0259l\u0259r&nbsp; zaman\u0131 R.M.\u0130manov t\u0259l\u0259b\u0259l\u0259ri\nmaraqland\u0131ran&nbsp; suallara cavab verdi.<\/p>\n\n\n\n<p>Kafedra m\u00fcdiri dos.N.\u0130.Quliyev \u00f6z ad\u0131ndan Seminar\ni\u015ftirak\u00e7\u0131lar\u0131n\u0131n ad\u0131ndan maraql\u0131 \u00e7\u0131x\u0131\u015f etdi. Dos.R.M.\u0130manova t\u0259\u015f\u0259kk\u00fcr etdi.<\/p>\n","protected":false},"excerpt":{"rendered":"<p>22 noyabr 2019 \u2013cu il tarixd\u0259\u00a0 Fizika v\u0259 texniki f\u0259nl\u0259r fak\u00fclt\u0259sind\u0259\u00a0 Fizika kafedras\u0131n\u0131n n\u00f6vb\u0259ti elmi seminar\u0131 ke\u00e7irilmi\u015fdir. Elmi seminarda lafedran\u0131n dosenti\u00a0 fizika \u00fczr\u0259 f\u0259ls\u0259f\u0259 doktoru\u00a0 Rizvan M\u0259h\u0259mm\u0259d\u0259li\u00a0 o\u011flu \u0130manov\u00a0 \u201cQara v\u0259 a\u011f d\u0259liklil\u0259r\u201d adl\u0131\u00a0 elmi populyar m\u00f6vzuda \u00e7\u0131x\u0131\u015f etmi\u015fdir.\u00a0 Elmi seminarda\u00a0 Fizika kafedras\u0131n\u0131n\u00a0 professor \u2013m\u00fc\u0259llim\u00a0 hey\u0259ti \u00fczvl\u0259rind\u0259 25 n\u0259f\u0259ri, fizika m\u00fc\u0259llimliyi ixtisas\u0131n\u0131n I, II, III<\/p>\n<p><a href=\"http:\/\/ftf.gdu.edu.az\/?p=6978\" class=\"more-link themebutton\">Daha \u0259trafl\u0131 <\/a><\/p>\n","protected":false},"author":3,"featured_media":0,"comment_status":"closed","ping_status":"open","sticky":false,"template":"","format":"standard","meta":{"footnotes":""},"categories":[1],"tags":[],"class_list":["post-6978","post","type-post","status-publish","format-standard","hentry","category-sas"],"_links":{"self":[{"href":"http:\/\/ftf.gdu.edu.az\/index.php?rest_route=\/wp\/v2\/posts\/6978"}],"collection":[{"href":"http:\/\/ftf.gdu.edu.az\/index.php?rest_route=\/wp\/v2\/posts"}],"about":[{"href":"http:\/\/ftf.gdu.edu.az\/index.php?rest_route=\/wp\/v2\/types\/post"}],"author":[{"embeddable":true,"href":"http:\/\/ftf.gdu.edu.az\/index.php?rest_route=\/wp\/v2\/users\/3"}],"replies":[{"embeddable":true,"href":"http:\/\/ftf.gdu.edu.az\/index.php?rest_route=%2Fwp%2Fv2%2Fcomments&post=6978"}],"version-history":[{"count":3,"href":"http:\/\/ftf.gdu.edu.az\/index.php?rest_route=\/wp\/v2\/posts\/6978\/revisions"}],"predecessor-version":[{"id":6981,"href":"http:\/\/ftf.gdu.edu.az\/index.php?rest_route=\/wp\/v2\/posts\/6978\/revisions\/6981"}],"wp:attachment":[{"href":"http:\/\/ftf.gdu.edu.az\/index.php?rest_route=%2Fwp%2Fv2%2Fmedia&parent=6978"}],"wp:term":[{"taxonomy":"category","embeddable":true,"href":"http:\/\/ftf.gdu.edu.az\/index.php?rest_route=%2Fwp%2Fv2%2Fcategories&post=6978"},{"taxonomy":"post_tag","embeddable":true,"href":"http:\/\/ftf.gdu.edu.az\/index.php?rest_route=%2Fwp%2Fv2%2Ftags&post=6978"}],"curies":[{"name":"wp","href":"https:\/\/api.w.org\/{rel}","templated":true}]}}