{"id":7831,"date":"2021-03-05T18:54:00","date_gmt":"2021-03-05T16:54:00","guid":{"rendered":"http:\/\/ftf.gdu.edu.az\/?p=7831"},"modified":"2021-03-10T10:27:25","modified_gmt":"2021-03-10T08:27:25","slug":"8-mart-qadinlar-bayrami-2","status":"publish","type":"post","link":"http:\/\/ftf.gdu.edu.az\/?p=7831","title":{"rendered":"8 MART  &#8211; QADINLAR  BAYRAMI"},"content":{"rendered":"\n<p><strong>8 MART &nbsp;QADINLAR &nbsp;BAYRAMI<\/strong><\/p>\n\n\n\n<p><em>8 Mart &#8211; qad\u0131n v\u0259 g\u00f6z\u0259llik bayram\u0131 kimi qeyd olunur.&nbsp; Bu bayram he\u00e7 d\u0259 romantik hadis\u0259l\u0259r n\u0259tic\u0259sind\u0259 yaranmay\u0131b. H\u0259m\u00e7inin &#8220;qad\u0131n bayram\u0131&#8221;n\u0131n qeyd olunmas\u0131 daha q\u0259dim tarix\u0259 malikdir <\/em><strong><em><\/em><\/strong><\/p>\n\n\n\n<p>Sovetl\u0259r Birliyinin da\u011f\u0131lmas\u0131na baxmayaraq, 8 mart bir \u00e7ox postsovet \u00f6lk\u0259l\u0259rind\u0259 bu g\u00fcn\u0259 q\u0259d\u0259r qeyd olunur. G\u00fcrc\u00fcstan, Qazax\u0131stan, Q\u0131r\u011f\u0131z\u0131stan, Moldova, Tacikistan, T\u00fcrkm\u0259nistan, Ukrayna v\u0259 Belarusda ke\u00e7irilir. H\u0259m\u00e7inin Az\u0259rbaycan da m\u00fcst\u0259qillik \u0259ld\u0259 etdikd\u0259n sonra bayram \u00f6z mahiyy\u0259tini qoruyub saxlad\u0131.<\/p>\n\n\n\n<p>Bu g\u00fcn g\u00fccl\u00fc cinsin n\u00fcmay\u0259nd\u0259l\u0259ri \u0259trafdak\u0131 qad\u0131nlara diqq\u0259t, qay\u011f\u0131 v\u0259 sevgil\u0259rini n\u00fcmayi\u015f etdirirl\u0259r. Qad\u0131nlar g\u00fcl-\u00e7i\u00e7\u0259k, m\u00fcxt\u0259lif h\u0259diyy\u0259l\u0259r, h\u0259m\u00e7inin g\u00f6z\u0259l s\u00f6zl\u0259r, \u015feirl\u0259rl\u0259 m\u00fckafatland\u0131r\u0131l\u0131r. 8 Mart Novruzdan \u00f6nc\u0259 \u00f6lk\u0259mizd\u0259 qeyd olunan yaz bayram\u0131d\u0131r. Bu g\u00fcn ya\u015f\u0131ndan as\u0131l\u0131 olmayaraq b\u00fct\u00fcn qad\u0131nlar \u00f6zl\u0259rini ham\u0131dan xo\u015fb\u0259xt, g\u00f6z\u0259l v\u0259 \u0259n \u0259sas\u0131 arzulanan qad\u0131n kimi hiss edir.<\/p>\n\n\n\n<p>Fizika v\u0259 Texniki f\u0259nl\u0259r Fak\u00fclt\u0259sind\u0259 d\u0259 8 Mart qad\u0131nlar bayram\u0131 m\u00fcnasib\u0259ti il\u0259 Fak\u00fclt\u0259nin dekan\u0131 professor Mu\u011fan Quliyev h\u0259r bir kafedran\u0131n&nbsp; qad\u0131n m\u00fc\u0259llim v\u0259 t\u0259dris \u2013 k\u00f6m\u0259k\u00e7i hey\u0259tini t\u0259brik etdi. &nbsp;O, qad\u0131nlar\u0131 t\u0259brik ed\u0259r\u0259k, onlara xo\u015f arzular\u0131n\u0131 bildirdi.<\/p>\n","protected":false},"excerpt":{"rendered":"<p>8 MART &nbsp;QADINLAR &nbsp;BAYRAMI 8 Mart &#8211; qad\u0131n v\u0259 g\u00f6z\u0259llik bayram\u0131 kimi qeyd olunur.&nbsp; Bu bayram he\u00e7 d\u0259 romantik hadis\u0259l\u0259r n\u0259tic\u0259sind\u0259 yaranmay\u0131b. H\u0259m\u00e7inin &#8220;qad\u0131n bayram\u0131&#8221;n\u0131n qeyd olunmas\u0131 daha q\u0259dim tarix\u0259 malikdir Sovetl\u0259r Birliyinin da\u011f\u0131lmas\u0131na baxmayaraq, 8 mart bir \u00e7ox postsovet \u00f6lk\u0259l\u0259rind\u0259 bu g\u00fcn\u0259 q\u0259d\u0259r qeyd olunur. G\u00fcrc\u00fcstan, Qazax\u0131stan, Q\u0131r\u011f\u0131z\u0131stan, Moldova, Tacikistan, T\u00fcrkm\u0259nistan, Ukrayna v\u0259 Belarusda<\/p>\n<p><a href=\"http:\/\/ftf.gdu.edu.az\/?p=7831\" class=\"more-link themebutton\">Daha \u0259trafl\u0131 <\/a><\/p>\n","protected":false},"author":3,"featured_media":7828,"comment_status":"closed","ping_status":"open","sticky":false,"template":"","format":"standard","meta":{"footnotes":""},"categories":[1],"tags":[],"class_list":["post-7831","post","type-post","status-publish","format-standard","has-post-thumbnail","hentry","category-sas"],"_links":{"self":[{"href":"http:\/\/ftf.gdu.edu.az\/index.php?rest_route=\/wp\/v2\/posts\/7831"}],"collection":[{"href":"http:\/\/ftf.gdu.edu.az\/index.php?rest_route=\/wp\/v2\/posts"}],"about":[{"href":"http:\/\/ftf.gdu.edu.az\/index.php?rest_route=\/wp\/v2\/types\/post"}],"author":[{"embeddable":true,"href":"http:\/\/ftf.gdu.edu.az\/index.php?rest_route=\/wp\/v2\/users\/3"}],"replies":[{"embeddable":true,"href":"http:\/\/ftf.gdu.edu.az\/index.php?rest_route=%2Fwp%2Fv2%2Fcomments&post=7831"}],"version-history":[{"count":1,"href":"http:\/\/ftf.gdu.edu.az\/index.php?rest_route=\/wp\/v2\/posts\/7831\/revisions"}],"predecessor-version":[{"id":7832,"href":"http:\/\/ftf.gdu.edu.az\/index.php?rest_route=\/wp\/v2\/posts\/7831\/revisions\/7832"}],"wp:featuredmedia":[{"embeddable":true,"href":"http:\/\/ftf.gdu.edu.az\/index.php?rest_route=\/wp\/v2\/media\/7828"}],"wp:attachment":[{"href":"http:\/\/ftf.gdu.edu.az\/index.php?rest_route=%2Fwp%2Fv2%2Fmedia&parent=7831"}],"wp:term":[{"taxonomy":"category","embeddable":true,"href":"http:\/\/ftf.gdu.edu.az\/index.php?rest_route=%2Fwp%2Fv2%2Fcategories&post=7831"},{"taxonomy":"post_tag","embeddable":true,"href":"http:\/\/ftf.gdu.edu.az\/index.php?rest_route=%2Fwp%2Fv2%2Ftags&post=7831"}],"curies":[{"name":"wp","href":"https:\/\/api.w.org\/{rel}","templated":true}]}}