{"id":952,"date":"2016-05-06T08:19:48","date_gmt":"2016-05-06T06:19:48","guid":{"rendered":"http:\/\/ftf.gdu.edu.az\/?p=952"},"modified":"2016-05-06T08:41:25","modified_gmt":"2016-05-06T06:41:25","slug":"ulu-ond%c9%99r-heyd%c9%99r-%c9%99liyevin-93-illik-yubileyi","status":"publish","type":"post","link":"http:\/\/ftf.gdu.edu.az\/?p=952","title":{"rendered":"ULU \u00d6ND\u018fR HEYD\u018fR \u018fL\u0130YEV\u0130N 93 \u0130LL\u0130K YUB\u0130LEY\u0130"},"content":{"rendered":"<p><a href=\"http:\/\/ftf.gdu.edu.az\/wp-content\/uploads\/2016\/05\/images-5.jpg\">[metaslider id=956]<\/a><\/p>\n<p>Heyd\u0259r \u018flirza o\u011flu \u018fliyev\u00a0<a href=\"http:\/\/az.wikipedia.org\/wiki\/1923-c%C3%BC_il\">1923-c\u00fc il<\/a>\u00a0may\u0131n 10-da\u00a0<a href=\"http:\/\/az.wikipedia.org\/wiki\/Az%C9%99rbaycan\">Az\u0259rbaycan<\/a>\u0131n\u00a0<a href=\"http:\/\/az.wikipedia.org\/wiki\/Nax%C3%A7%C4%B1van_%C5%9F%C9%99h%C9%99ri\">Nax\u00e7\u0131van \u015f\u0259h\u0259rind<\/a>\u0259 d\u0259miryol\u00e7u ail\u0259sind\u0259 d\u00fcnyaya g\u0259lmi\u015fdir.<a href=\"http:\/\/az.wikipedia.org\/wiki\/1939-cu_il\">1939-cu ild<\/a>\u0259\u00a0<a href=\"http:\/\/az.wikipedia.org\/wiki\/Nax%C3%A7%C4%B1van_Pedaqoji_Texnikumu\">Nax\u00e7\u0131van Pedaqoji Texnikumunu<\/a>\u00a0bitirdikd\u0259n sonra\u00a0<a href=\"http:\/\/az.wikipedia.org\/wiki\/Az%C9%99rbaycan_D%C3%B6vl%C9%99t_Neft_Akademiyas%C4%B1\">Az\u0259rbaycan S\u0259naye \u0130nstitutunun<\/a>\u00a0memarl\u0131q fak\u00fclt\u0259sind\u0259 t\u0259hsil alm\u0131\u015fd\u0131r. Ba\u015flanan m\u00fcharib\u0259 ona t\u0259hsilini ba\u015fa \u00e7atd\u0131rma\u011fa imkan verm\u0259mi\u015fdir.<\/p>\n<p>Heyd\u0259r \u018fliyev\u00a0<a href=\"http:\/\/az.wikipedia.org\/wiki\/1941\">1941<\/a>&#8211;<a href=\"http:\/\/az.wikipedia.org\/wiki\/1944-c%C3%BC_il\">1944-c\u00fc ill<\/a>\u0259rd\u0259\u00a0<a href=\"http:\/\/az.wikipedia.org\/wiki\/Nax%C3%A7%C4%B1van_MSSR\">Nax\u00e7\u0131van MSSR<\/a>\u00a0Xalq Daxili \u0130\u015fl\u0259r Komissarl\u0131\u011f\u0131nda v\u0259\u00a0<a href=\"http:\/\/az.wikipedia.org\/wiki\/Nax%C3%A7%C4%B1van_MSSR\">Nax\u00e7\u0131van MSSR<\/a>\u00a0Xalq Komissarlar\u0131 Sovetind\u0259 m\u00fcxt\u0259lif m\u0259sul v\u0259zif\u0259l\u0259rd\u0259 xidm\u0259t etmi\u015f,<a href=\"http:\/\/az.wikipedia.org\/wiki\/1944-c%C3%BC_il\">1944-c\u00fc ilin<\/a>\u00a0may\u0131nda is\u0259 Nax\u00e7\u0131van Vilay\u0259t Partiya Komit\u0259si t\u0259r\u0259find\u0259n d\u00f6vl\u0259t t\u0259hl\u00fck\u0259sizliyi orqanlar\u0131na i\u015f\u0259 g\u00f6nd\u0259rilmi\u015fdir.\u00a0O, Leninqrad (indiki\u00a0<a href=\"http:\/\/az.wikipedia.org\/wiki\/Sankt-Peterburq\">Sankt-Peterburq<\/a>) v\u0259\u00a0<a href=\"http:\/\/az.wikipedia.org\/wiki\/Moskva\">Moskva<\/a>\u00a0\u015f\u0259h\u0259rl\u0259rind\u0259 x\u00fcsusi ali t\u0259hsil alm\u0131\u015f, 1957-ci ild\u0259 is\u0259\u00a0<a href=\"http:\/\/az.wikipedia.org\/wiki\/BDU_Tarix\">Az\u0259rbaycan D\u00f6vl\u0259t Universitetinin tarix fak\u00fclt\u0259sini<\/a>\u00a0bitirmi\u015fdir. D\u00f6vl\u0259t t\u0259hl\u00fck\u0259sizliyi orqanlar\u0131nda iyirmi be\u015f il (1944-1969) \u00e7al\u0131\u015fan Heyd\u0259r \u018fliyev\u00a0<a href=\"http:\/\/az.wikipedia.org\/wiki\/1965-ci_il\">1965-ci ild<\/a>\u0259\u00a0<a href=\"http:\/\/az.wikipedia.org\/wiki\/Az%C9%99rbaycan_SSR_Nazirl%C9%99r_Soveti\">Az\u0259rbaycan SSR Nazirl\u0259r Soveti<\/a>\u00a0yan\u0131nda D\u00f6vl\u0259t T\u0259hl\u00fck\u0259sizliyi Komit\u0259si s\u0259drinin m\u00fcavini, 1967-ci ild\u0259 is\u0259 s\u0259dri v\u0259zif\u0259sin\u0259 ir\u0259li \u00e7\u0259kilmi\u015fdir.H.\u018fliyev\u0259\u00a0<a href=\"http:\/\/az.wikipedia.org\/wiki\/1967-ci_il\">1967-ci ild<\/a>\u0259 SSR\u0130 Nazirl\u0259r Soveti yan\u0131nda D\u00f6vl\u0259t T\u0259hl\u00fck\u0259sizliyi Komit\u0259si t\u0259r\u0259find\u0259n general-mayor r\u00fctb\u0259si verilmi\u015fdir.<\/p>\n<p>&nbsp;<\/p>\n<p><strong>Heyd\u0259r \u018fliyev C\u0259nubi Qafqazda uzun m\u00fcdd\u0259t \u0259rzind\u0259 \u0259n \u0259sas \u015f\u0259xsiyy\u0259t<\/strong> olmu\u015fdur. Bu g\u00fcnl\u0259rd\u0259 Amerika Birl\u0259\u015fmi\u015f \u015etatlar\u0131 v\u0259 Az\u0259rbaycan\u0131n b\u0259hr\u0259l\u0259ndiyi dostluq \u0259laq\u0259l\u0259rinin qurulmas\u0131nda v\u0259 Az\u0259rbaycan\u0131n m\u00fcst\u0259qilliyinin qorunmas\u0131nda onun \u015f\u0259xsi s\u0259yl\u0259ri h\u0259yati \u0259h\u0259miyy\u0259t da\u015f\u0131m\u0131\u015fd\u0131r. M\u0259hz onun r\u0259hb\u0259rliyi alt\u0131nda Amerika Birl\u0259\u015fmi\u015f \u015etatlar\u0131 v\u0259 Az\u0259rbaycan, \u018ffqan\u0131stan v\u0259 \u0130raqdak\u0131 \u0259m\u0259liyyatlar da daxil olmaqla, terrorizm\u0259 qar\u015f\u0131 m\u00fcbariz\u0259d\u0259 t\u0259r\u0259fda\u015f olmu\u015flar. Da\u011fl\u0131q Qaraba\u011f faci\u0259sinin s\u00fclh dan\u0131\u015f\u0131qlar\u0131 vasit\u0259sil\u0259 \u0259dal\u0259tli v\u0259 uzunm\u00fcdd\u0259tli h\u0259llin\u0259 nail olmaq sah\u0259sind\u0259 onun n\u00fcmayi\u015f etdirdiyi q\u0259tiyy\u0259t regionda s\u00fclh v\u0259 sabitliyin saxlanmas\u0131nda m\u00fch\u00fcm \u0259h\u0259miyy\u0259t k\u0259sb etmi\u015fdir. Eyni zamanda, onun m\u00f6vqeyi v\u0259 g\u00f6st\u0259rdiyi s\u0259yl\u0259r Az\u0259rbaycan\u0131n iqtisadi inki\u015faf\u0131n\u0131 m\u00f6hk\u0259ml\u0259ndir\u0259n b\u00f6y\u00fck h\u0259cmli xarici s\u0259rmay\u0259l\u0259rin c\u0259lb olunmas\u0131nda \u0259sas rol oynam\u0131\u015fd\u0131r. Bu nailiyy\u0259tl\u0259r milyonlarla az\u0259rbaycanl\u0131n\u0131n h\u0259yat\u0131n\u0131 yax\u015f\u0131la\u015fd\u0131rm\u0131\u015f v\u0259 Az\u0259rbaycan\u0131n iyirmi birinci \u0259sr\u0259 m\u00fcasir d\u00f6vl\u0259t kimi daxil olmas\u0131na imkan yaratm\u0131\u015fd\u0131r.<\/p>\n<p>&nbsp;<\/p>\n<p>Az\u0259rbaycan\u0131n 1960-c\u0131 ill\u0259rin sonundan ba\u015flanan v\u0259 XXI \u0259sr\u0259 adlayan tarixinin otuz be\u015f illik bir d\u00f6vr\u00fc ulu \u00f6nd\u0259r Heyd\u0259r \u018fliyevin ad\u0131 il\u0259 ba\u011fl\u0131d\u0131r.<\/p>\n<p>&nbsp;<\/p>\n<p>O, b\u00fct\u00fcn bu ill\u0259rd\u0259 Az\u0259rbaycan\u0131n m\u0259suliyy\u0259tini \u00f6z \u00e7iyinl\u0259rind\u0259 da\u015f\u0131m\u0131\u015f, onu bir d\u00f6vl\u0259t v\u0259 xalq\u0131m\u0131z\u0131 bir mill\u0259t kimi tarixin a\u011f\u0131r v\u0259 s\u0259rt s\u0131naqlar\u0131ndan \u00e7\u0131xarm\u0131\u015f, m\u00fcasir Az\u0259rbaycan adland\u0131rd\u0131\u011f\u0131m\u0131z m\u00fcst\u0259qil m\u0259ml\u0259k\u0259ti, onun bug\u00fcnk\u00fc h\u0259qiq\u0259tl\u0259rini, i\u015f\u0131ql\u0131 sabah\u0131n\u0131n etibarl\u0131 b\u00fcn\u00f6vr\u0259sini yaratm\u0131\u015fd\u0131r. Bu ill\u0259r \u0259rzind\u0259 Az\u0259rbaycan xalq\u0131n\u0131n ictimai-siyasi, sosial-iqtisadi v\u0259 m\u0259d\u0259ni h\u0259yat\u0131n\u0131n b\u00fct\u00fcn sah\u0259l\u0259rind\u0259 dir\u00e7\u0259li\u015f onun ad\u0131 il\u0259 ba\u011fl\u0131d\u0131r.<\/p>\n<p>&nbsp;<\/p>\n<p>XX \u0259srin 60-c\u0131 ill\u0259rinin sonundan ba\u015flanan Heyd\u0259r \u018fliyev idar\u0259etm\u0259 f\u0259ls\u0259f\u0259sinin ba\u015fl\u0131ca ideya-siyasi istiqam\u0259ti xalq\u0131n milli \u00f6z\u00fcn\u00fcifad\u0259sinin b\u00fct\u00fcn forma v\u0259 vasit\u0259l\u0259rinin geni\u015f v\u00fcs\u0259t almas\u0131, milli q\u00fcrur hissinin g\u00fccl\u0259nm\u0259si v\u0259 milli \u015f\u00fcurun y\u00fcks\u0259li\u015fin\u0259 t\u0259kan ver\u0259n s\u00fcr\u0259tli inki\u015faf strategiyas\u0131n\u0131n ger\u00e7\u0259kl\u0259\u015fdirilm\u0259si il\u0259 s\u0259ciyy\u0259ll\u0259nmi\u015fdir. Heyd\u0259r \u018fliyevin t\u0259m\u0259li h\u0259min d\u00f6vrd\u0259 qoyulmu\u015f az\u0259rbaycan\u00e7\u0131l\u0131q ideologiyas\u0131 Az\u0259rbaycan\u0131n m\u00fcasir d\u00fcnyada yerini m\u00fc\u0259yy\u0259n etmi\u015f, milli d\u00f6vl\u0259t\u00e7iliyimizin ideya \u0259sas\u0131n\u0131 t\u0259\u015fkil ed\u0259r\u0259k, d\u00fcnya az\u0259rbaycanl\u0131lar\u0131n\u0131n h\u0259mr\u0259yliyi \u00fc\u00e7\u00fcn m\u00f6hk\u0259m z\u0259min yaratm\u0131\u015fd\u0131r.<\/p>\n<p>&nbsp;<\/p>\n<p>Az\u0259rbaycanda d\u00f6vl\u0259t\u00e7ilik \u0259n\u0259n\u0259l\u0259rinin XX \u0259srin sonlar\u0131nda b\u0259rpa edilib z\u0259nginl\u0259\u015fdirilm\u0259si, Az\u0259rbaycan\u0131n m\u00fcst\u0259qilliyinin m\u00f6hk\u0259ml\u0259ndirilm\u0259si, onun \u0259b\u0259di, d\u00f6nm\u0259z xarakter almas\u0131, \u00f6lk\u0259mizin dinamik iqtisadi inki\u015faf yolu il\u0259 inamla ir\u0259lil\u0259m\u0259si, onun beyn\u0259lxalq n\u00fcfuzunun s\u00fcr\u0259tl\u0259 artmas\u0131 Heyd\u0259r \u018fliyevin s\u0259m\u0259r\u0259li f\u0259aliyy\u0259ti say\u0259sind\u0259 m\u00fcmk\u00fcn olmu\u015fdur.<\/p>\n<p>&nbsp;<\/p>\n<p>Heyd\u0259r \u018fliyev b\u00fct\u00fcn h\u0259yat\u0131n\u0131 xalqa s\u0259daq\u0259tl\u0259 xidm\u0259t\u0259 h\u0259sr etmi\u015f, \u00f6z f\u0259aliyy\u0259tind\u0259 h\u0259mi\u015f\u0259 xalqa arxalanm\u0131\u015f, \u0259n \u00e7\u0259tin anlarda ona m\u00fcraci\u0259t etmi\u015fdir. Az\u0259rbaycan xalq\u0131 he\u00e7 vaxt ondan d\u0259st\u0259yini \u0259sirg\u0259m\u0259mi\u015fdir. Az\u0259rbaycan xalq\u0131n\u0131n \u00fcmummilli lideri, m\u00fcdrik r\u0259hb\u0259r v\u0259 dahi \u015f\u0259xsiyy\u0259t Heyd\u0259r \u018flirza o\u011flu \u018fliyevin \u0259ziz xatir\u0259si Az\u0259rbaycan xalq\u0131n\u0131n q\u0259lbind\u0259 \u0259b\u0259di ya\u015fayacaqd\u0131r.<\/p>\n<p>&nbsp;<\/p>\n<p>Bildiyimiz kimi \u00dcmummilli Liderimizin adg\u00fcn\u00fc may\u0131n 10 \u2013 dur. Ne\u00e7\u0259 ildir xalq\u0131m\u0131z h\u0259min g\u00fcn\u00fc t\u0259kc\u0259 ad g\u00fcn\u00fc olaraq qeyd etmir, h\u0259m d\u0259 bayram olaraq qeyd edir. Hans\u0131ki bu bayram G\u00dcL Bayram\u0131 ad\u0131 il\u0259 m\u0259\u015fhurdur. Az\u0259rbaycan\u0131n b\u00fct\u00fcn b\u00f6lg\u0259l\u0259rind\u0259 bu bayram t\u0259nt\u0259n\u0259li sur\u0259td\u0259 qeyd olunur. H\u0259r t\u0259r\u0259f H.\u018fliyev portreti, g\u00fcll\u0259ri il\u0259 b\u0259z\u0259nir, bayram \u015f\u0259nlikl\u0259ri ke\u00e7irilir. T\u0259kc\u0259 ad g\u00fcn\u00fcnd\u0259, \u00f6l\u00fcm g\u00fcn\u00fcnd\u0259 yox h\u0259r zaman H.\u018fliyevin m\u0259zar\u0131 \u2013 F\u0259xri Xiyaban ziyar\u0259t\u00e7il\u0259rl\u0259 dolub \u2013 da\u015f\u0131r. T\u0259k xalq\u0131m\u0131z deyil, xarici v\u0259t\u0259nda\u015flarda onun ziyar\u0259tin\u0259 g\u0259lir.<\/p>\n<p><strong>H\u0259r il G\u00fcl Bayram\u0131 qeyd edilir.<\/strong> Bu bayram ke\u00e7mi\u015f \u00f6lk\u0259 prezidenti Heyd\u0259r \u018fliyevin xatir\u0259sin\u0259 h\u0259sr olunub v\u0259 2000-ci ild\u0259n etibar\u0259n h\u0259r il Az\u0259rbaycan\u0131n paytaxt\u0131nda v\u0259 dig\u0259r \u015f\u0259h\u0259rl\u0259rd\u0259 qeyd olunur. Bayram may\u0131n 10-da Heyd\u0259r \u018fliyevin ad g\u00fcn\u00fcnd\u0259 ba\u015flay\u0131r v\u0259 bir ne\u00e7\u0259 g\u00fcn davam edir.<\/p>\n<p><strong>\u00a0May ay\u0131n\u0131n 10-u<\/strong> m\u00fcasir Az\u0259rbaycan\u0131n v\u0259 h\u0259r bir az\u0259rbaycanl\u0131n\u0131n h\u0259yat\u0131nda v\u0259 taleyind\u0259 silinm\u0259z iz qoymu\u015f b\u00f6y\u00fck siman\u0131n, dahi \u015f\u0259xsiyy\u0259tin ad g\u00fcn\u00fcd\u00fcr. \u00d6lk\u0259mizin h\u0259r bir v\u0259t\u0259nda\u015f\u0131 \u00f6mr\u00fcn\u00fcn b\u00f6y\u00fck bir hiss\u0259sini, m\u0259nal\u0131 v\u0259 yetkin \u00e7a\u011flar\u0131n\u0131 bu insan\u0131n r\u0259hb\u0259rliyi alt\u0131nda ya\u015fam\u0131\u015fd\u0131r. Bu r\u0259hb\u0259rlik t\u0259kc\u0259 y\u00fcks\u0259k v\u0259zif\u0259 borcu kimi qalmad\u0131, \u00f6z\u00fcn\u00fc insani m\u0259nada daha geni\u015f \u0259ks etdirdi. Bu r\u0259hb\u0259rlik v\u0259t\u0259nsev\u0259rliy\u0259, irad\u0259y\u0259, q\u00fcdr\u0259t\u0259 k\u00f6kl\u0259nmi\u015f m\u0259rd ata v\u0259 m\u00fcdrik a\u011fsaqqal qay\u011f\u0131s\u0131 idi. S\u00f6hb\u0259t XX \u0259sr Az\u0259rbaycan tarixinin ba\u015f q\u0259hr\u0259man\u0131, m\u00fcasir m\u00fcst\u0259qil Az\u0259rbaycan Respublikas\u0131n\u0131n banisi v\u0259 qurucusu unudulmaz Prezident Heyd\u0259r \u018fliyevd\u0259n gedir. Heyd\u0259r \u018fliyevin h\u0259yat\u0131 b\u00f6y\u00fck bir epoxan\u0131n aynas\u0131 kimi \u00f6lk\u0259mizin sevincli-k\u0259d\u0259rli g\u00fcnl\u0259rini v\u0259 anlar\u0131n\u0131, Az\u0259rbaycan\u0131n bu tarix yollar\u0131n\u0131 \u00f6z\u00fcnd\u0259 \u0259ks etdirir. M\u0259hz Heyd\u0259r \u018fliyevin h\u0259yat\u0131 v\u0259 f\u0259aliyy\u0259ti s\u00fcbut etdi ki, \u0259l\u00e7atmaz x\u0259yallar\u0131n v\u0259 arzular\u0131n realla\u015fmas\u0131 insan fenomeninin g\u00fcc\u00fcn\u0259 m\u00fcmk\u00fcnd\u00fcr. S\u0259ks\u0259n il s\u00fcr\u0259n bu \u015f\u0259r\u0259fli \u00f6m\u00fcr s\u00fcbut etdi ki, b\u00f6y\u00fck v\u0259 nadir insanlar do\u011fulduqlar\u0131 andan \u00f6mr\u00fcn\u00fcn sonuna q\u0259d\u0259r y\u00fcks\u0259k v\u0259 ali missiyan\u0131n da\u015f\u0131y\u0131c\u0131lar\u0131 olurlar. Onlar mill\u0259tl\u0259rinin v\u0259 \u00fcmumiyy\u0259tl\u0259, b\u0259\u015f\u0259r tarixinin inki\u015faf\u0131nda v\u0259 t\u0259r\u0259qqisind\u0259 m\u00fcst\u0259sna v\u0259 \u0259v\u0259zolunmaz rol oynam\u0131\u015f olurlar. Y\u0259qin ki, bel\u0259 insanlar\u0131n \u00f6mr\u00fc el\u0259 bu s\u0259b\u0259bd\u0259n alov par\u00e7as\u0131 kimi s\u00f6nm\u0259d\u0259n, yorulmadan, dayanmadan, son n\u0259f\u0259s\u0259 q\u0259d\u0259r b\u00f6y\u00fck bir m\u0259qs\u0259d\u0259 xidm\u0259t edir v\u0259 \u0259b\u0259di m\u00fcbariz\u0259y\u0259 h\u0259sr olunur. Bel\u0259 insanlar tarixin m\u00fcr\u0259kk\u0259b anlar\u0131nda b\u00fct\u00fcn \u00e7\u0259tinlikl\u0259ri d\u0259f ed\u0259r\u0259k h\u0259mi\u015f\u0259 z\u0259f\u0259r \u00e7al\u0131r, qalib g\u0259lirl\u0259r. Heyd\u0259r \u018fliyev qalibiyy\u0259tinin n\u0259tic\u0259si m\u00fcasir m\u00fcst\u0259qil Az\u0259rbaycan Respublikas\u0131 v\u0259 onun bug\u00fcnk\u00fc nailiyy\u0259tl\u0259ridir.<br \/>\nBildiyimiz kimi \u00dcmummilli Liderimizin adg\u00fcn\u00fc may\u0131n 10 \u2013 dur. Ne\u00e7\u0259 ildir xalq\u0131m\u0131z h\u0259min g\u00fcn\u00fc t\u0259kc\u0259 ad g\u00fcn\u00fc olaraq qeyd etmir, h\u0259m d\u0259 bayram olaraq qeyd edir. Hans\u0131ki bu bayram G\u00dcL Bayram\u0131 ad\u0131 il\u0259 m\u0259\u015fhurdur. Az\u0259rbaycan\u0131n b\u00fct\u00fcn b\u00f6lg\u0259l\u0259rind\u0259 bu bayram t\u0259nt\u0259n\u0259li sur\u0259td\u0259 qeyd olunur. H\u0259r t\u0259r\u0259f H.\u018fliyev portreti, g\u00fcll\u0259ri il\u0259 b\u0259z\u0259nir, bayram \u015f\u0259nlikl\u0259ri ke\u00e7irilir. T\u0259kc\u0259 ad g\u00fcn\u00fcnd\u0259, \u00f6l\u00fcm g\u00fcn\u00fcnd\u0259 yox h\u0259r zaman H.\u018fliyevin m\u0259zar\u0131 \u2013 F\u0259xri Xiyaban ziyar\u0259t\u00e7il\u0259rl\u0259 dolub \u2013 da\u015f\u0131r. T\u0259k xalq\u0131m\u0131z deyil, xarici v\u0259t\u0259nda\u015flarda onun ziyar\u0259tin\u0259 g\u0259lir.<\/p>\n<p>H.\u018fliyevd\u0259n \u00e7ox dan\u0131\u015fmaq olar. Ancaq bunu deyim ki, \u00dcmummilli Liderimiz ham\u0131m\u0131z\u0131n q\u0259lbind\u0259 d\u0259rin iz qoymu\u015fdur. Biz he\u00e7 vaxt onu unutmuruq. Onun xalq\u0131m\u0131z, torpa\u011f\u0131m\u0131z \u00fc\u00e7\u00fcn dediyi k\u0259lamlar bizim h\u0259mi\u015f\u0259 yadda\u015flar\u0131m\u0131zda qalacaqd\u0131r.<\/p>\n<p>&nbsp;<\/p>\n<p><strong>\u00a0<\/strong><\/p>\n","protected":false},"excerpt":{"rendered":"<p>[metaslider id=956] Heyd\u0259r \u018flirza o\u011flu \u018fliyev\u00a01923-c\u00fc il\u00a0may\u0131n 10-da\u00a0Az\u0259rbaycan\u0131n\u00a0Nax\u00e7\u0131van \u015f\u0259h\u0259rind\u0259 d\u0259miryol\u00e7u ail\u0259sind\u0259 d\u00fcnyaya g\u0259lmi\u015fdir.1939-cu ild\u0259\u00a0Nax\u00e7\u0131van Pedaqoji Texnikumunu\u00a0bitirdikd\u0259n sonra\u00a0Az\u0259rbaycan S\u0259naye \u0130nstitutunun\u00a0memarl\u0131q fak\u00fclt\u0259sind\u0259 t\u0259hsil alm\u0131\u015fd\u0131r. Ba\u015flanan m\u00fcharib\u0259 ona t\u0259hsilini ba\u015fa \u00e7atd\u0131rma\u011fa imkan verm\u0259mi\u015fdir. Heyd\u0259r \u018fliyev\u00a01941&#8211;1944-c\u00fc ill\u0259rd\u0259\u00a0Nax\u00e7\u0131van MSSR\u00a0Xalq Daxili \u0130\u015fl\u0259r Komissarl\u0131\u011f\u0131nda v\u0259\u00a0Nax\u00e7\u0131van MSSR\u00a0Xalq Komissarlar\u0131 Sovetind\u0259 m\u00fcxt\u0259lif m\u0259sul v\u0259zif\u0259l\u0259rd\u0259 xidm\u0259t etmi\u015f,1944-c\u00fc ilin\u00a0may\u0131nda is\u0259 Nax\u00e7\u0131van Vilay\u0259t Partiya Komit\u0259si t\u0259r\u0259find\u0259n d\u00f6vl\u0259t t\u0259hl\u00fck\u0259sizliyi<\/p>\n<p><a href=\"http:\/\/ftf.gdu.edu.az\/?p=952\" class=\"more-link themebutton\">Daha \u0259trafl\u0131 <\/a><\/p>\n","protected":false},"author":3,"featured_media":0,"comment_status":"open","ping_status":"open","sticky":false,"template":"","format":"standard","meta":{"footnotes":""},"categories":[3],"tags":[],"class_list":["post-952","post","type-post","status-publish","format-standard","hentry","category-xbrlr"],"_links":{"self":[{"href":"http:\/\/ftf.gdu.edu.az\/index.php?rest_route=\/wp\/v2\/posts\/952"}],"collection":[{"href":"http:\/\/ftf.gdu.edu.az\/index.php?rest_route=\/wp\/v2\/posts"}],"about":[{"href":"http:\/\/ftf.gdu.edu.az\/index.php?rest_route=\/wp\/v2\/types\/post"}],"author":[{"embeddable":true,"href":"http:\/\/ftf.gdu.edu.az\/index.php?rest_route=\/wp\/v2\/users\/3"}],"replies":[{"embeddable":true,"href":"http:\/\/ftf.gdu.edu.az\/index.php?rest_route=%2Fwp%2Fv2%2Fcomments&post=952"}],"version-history":[{"count":3,"href":"http:\/\/ftf.gdu.edu.az\/index.php?rest_route=\/wp\/v2\/posts\/952\/revisions"}],"predecessor-version":[{"id":971,"href":"http:\/\/ftf.gdu.edu.az\/index.php?rest_route=\/wp\/v2\/posts\/952\/revisions\/971"}],"wp:attachment":[{"href":"http:\/\/ftf.gdu.edu.az\/index.php?rest_route=%2Fwp%2Fv2%2Fmedia&parent=952"}],"wp:term":[{"taxonomy":"category","embeddable":true,"href":"http:\/\/ftf.gdu.edu.az\/index.php?rest_route=%2Fwp%2Fv2%2Fcategories&post=952"},{"taxonomy":"post_tag","embeddable":true,"href":"http:\/\/ftf.gdu.edu.az\/index.php?rest_route=%2Fwp%2Fv2%2Ftags&post=952"}],"curies":[{"name":"wp","href":"https:\/\/api.w.org\/{rel}","templated":true}]}}